{"id":27831,"date":"2024-09-21T14:38:01","date_gmt":"2024-09-21T12:38:01","guid":{"rendered":"https:\/\/www.ascona-locarno-run.ch\/?p=27831"},"modified":"2024-09-23T14:45:32","modified_gmt":"2024-09-23T12:45:32","slug":"je-sprint-comme-ca-et-toi","status":"publish","type":"post","link":"https:\/\/www.ascona-locarno-run.ch\/fr\/je-sprint-comme-ca-et-toi\/","title":{"rendered":"Je sprint comme \u00e7a, et toi ?"},"content":{"rendered":"<h3><img decoding=\"async\" class=\"lazyload aligncenter wp-image-27835 size-full\" src=\"https:\/\/www.ascona-locarno-run.ch\/wp-content\/uploads\/2024\/09\/scatta-contro-la-violenza-ascona-locarno-run-2024.jpg\" data-orig-src=\"https:\/\/www.ascona-locarno-run.ch\/wp-content\/uploads\/2024\/09\/scatta-contro-la-violenza-ascona-locarno-run-2024.jpg\" alt=\"\" width=\"799\" height=\"732\" srcset=\"data:image\/svg+xml,%3Csvg%20xmlns%3D%27http%3A%2F%2Fwww.w3.org%2F2000%2Fsvg%27%20width%3D%27799%27%20height%3D%27732%27%20viewBox%3D%270%200%20799%20732%27%3E%3Crect%20width%3D%27799%27%20height%3D%27732%27%20fill-opacity%3D%220%22%2F%3E%3C%2Fsvg%3E\" data-srcset=\"https:\/\/www.ascona-locarno-run.ch\/wp-content\/uploads\/2024\/09\/scatta-contro-la-violenza-ascona-locarno-run-2024-200x183.jpg 200w, https:\/\/www.ascona-locarno-run.ch\/wp-content\/uploads\/2024\/09\/scatta-contro-la-violenza-ascona-locarno-run-2024-300x275.jpg 300w, https:\/\/www.ascona-locarno-run.ch\/wp-content\/uploads\/2024\/09\/scatta-contro-la-violenza-ascona-locarno-run-2024-400x366.jpg 400w, https:\/\/www.ascona-locarno-run.ch\/wp-content\/uploads\/2024\/09\/scatta-contro-la-violenza-ascona-locarno-run-2024-600x550.jpg 600w, https:\/\/www.ascona-locarno-run.ch\/wp-content\/uploads\/2024\/09\/scatta-contro-la-violenza-ascona-locarno-run-2024-768x704.jpg 768w, https:\/\/www.ascona-locarno-run.ch\/wp-content\/uploads\/2024\/09\/scatta-contro-la-violenza-ascona-locarno-run-2024.jpg 799w\" data-sizes=\"auto\" data-orig-sizes=\"(max-width: 799px) 100vw, 799px\" \/><\/h3>\n<div>\n<h3>\u00ab\u00a0Je sprint comme \u00e7a, et toi ?\u00a0\u00bb<\/h3>\n<p>Les\u00a012 et 13 octobre sur la Piazza Grande de Locarno, lors de l\u2019 Ascona-Locarno Run, le radar de la police de Locarno s\u2019est d\u00e9clench\u00e9 !<\/p>\n<p>Offre gratuite en faveur de l\u2019 Associazione Bavona e Lavizzara ricostruiamo assieme.<\/p>\n<\/div>\n<p>&nbsp;<\/p>\n","protected":false},"excerpt":{"rendered":"<p>\u00ab\u00a0Je sprint comme \u00e7a, et toi ?\u00a0\u00bb Les\u00a012 et 13 octobre sur la Piazza Grande de Locarno, lors de l\u2019 Ascona-Locarno Run, le radar de la police de Locarno s\u2019est d\u00e9clench\u00e9 ! Offre gratuite en faveur de l\u2019 Associazione Bavona e Lavizzara ricostruiamo assieme. &nbsp;<\/p>\n","protected":false},"author":8,"featured_media":27845,"comment_status":"open","ping_status":"open","sticky":false,"template":"","format":"standard","meta":{"footnotes":""},"categories":[39],"tags":[],"class_list":["post-27831","post","type-post","status-publish","format-standard","has-post-thumbnail","hentry","category-non-classifiee"],"yoast_head":"<!-- This site is optimized with the Yoast SEO plugin v27.5 - https:\/\/yoast.com\/product\/yoast-seo-wordpress\/ -->\n<title>Je sprint comme \u00e7a, et toi ? - Ascona Locarno Run<\/title>\n<meta name=\"robots\" content=\"index, follow, max-snippet:-1, max-image-preview:large, max-video-preview:-1\" \/>\n<link rel=\"canonical\" href=\"https:\/\/www.ascona-locarno-run.ch\/fr\/je-sprint-comme-ca-et-toi\/\" \/>\n<meta property=\"og:locale\" content=\"fr_FR\" \/>\n<meta property=\"og:type\" content=\"article\" \/>\n<meta property=\"og:title\" content=\"Je sprint comme \u00e7a, et toi ? - Ascona Locarno Run\" \/>\n<meta property=\"og:description\" content=\"\u00ab\u00a0Je sprint comme \u00e7a, et toi ?\u00a0\u00bb Les\u00a012 et 13 octobre sur la Piazza Grande de Locarno, lors de l\u2019 Ascona-Locarno Run, le radar de la police de Locarno s\u2019est d\u00e9clench\u00e9 ! Offre gratuite en faveur de l\u2019 Associazione Bavona e Lavizzara ricostruiamo assieme. &nbsp;\" \/>\n<meta property=\"og:url\" content=\"https:\/\/www.ascona-locarno-run.ch\/fr\/je-sprint-comme-ca-et-toi\/\" \/>\n<meta property=\"og:site_name\" content=\"Ascona Locarno Run\" \/>\n<meta property=\"article:publisher\" content=\"https:\/\/www.facebook.com\/AsconaLocarnoRun\/\" \/>\n<meta property=\"article:published_time\" content=\"2024-09-21T12:38:01+00:00\" \/>\n<meta property=\"article:modified_time\" content=\"2024-09-23T12:45:32+00:00\" \/>\n<meta property=\"og:image\" content=\"https:\/\/www.ascona-locarno-run.ch\/wp-content\/uploads\/2024\/09\/scatta-contro-la-violenza-feat-ascona-locarno-run-2024.jpg\" \/>\n\t<meta property=\"og:image:width\" content=\"799\" \/>\n\t<meta property=\"og:image:height\" content=\"535\" \/>\n\t<meta property=\"og:image:type\" content=\"image\/jpeg\" \/>\n<meta name=\"author\" content=\"milena.marradi\" \/>\n<meta name=\"twitter:card\" content=\"summary_large_image\" \/>\n<meta name=\"twitter:label1\" content=\"\u00c9crit par\" \/>\n\t<meta name=\"twitter:data1\" content=\"milena.marradi\" \/>\n\t<meta name=\"twitter:label2\" content=\"Dur\u00e9e de lecture estim\u00e9e\" \/>\n\t<meta name=\"twitter:data2\" content=\"1 minute\" \/>\n<script type=\"application\/ld+json\" class=\"yoast-schema-graph\">{\"@context\":\"https:\\\/\\\/schema.org\",\"@graph\":[{\"@type\":\"Article\",\"@id\":\"https:\\\/\\\/www.ascona-locarno-run.ch\\\/fr\\\/je-sprint-comme-ca-et-toi\\\/#article\",\"isPartOf\":{\"@id\":\"https:\\\/\\\/www.ascona-locarno-run.ch\\\/fr\\\/je-sprint-comme-ca-et-toi\\\/\"},\"author\":{\"name\":\"milena.marradi\",\"@id\":\"https:\\\/\\\/www.ascona-locarno-run.ch\\\/#\\\/schema\\\/person\\\/efc25e412da67e885c643a5e5391e183\"},\"headline\":\"Je sprint comme \u00e7a, et toi ?\",\"datePublished\":\"2024-09-21T12:38:01+00:00\",\"dateModified\":\"2024-09-23T12:45:32+00:00\",\"mainEntityOfPage\":{\"@id\":\"https:\\\/\\\/www.ascona-locarno-run.ch\\\/fr\\\/je-sprint-comme-ca-et-toi\\\/\"},\"wordCount\":50,\"commentCount\":0,\"publisher\":{\"@id\":\"https:\\\/\\\/www.ascona-locarno-run.ch\\\/#organization\"},\"image\":{\"@id\":\"https:\\\/\\\/www.ascona-locarno-run.ch\\\/fr\\\/je-sprint-comme-ca-et-toi\\\/#primaryimage\"},\"thumbnailUrl\":\"https:\\\/\\\/www.ascona-locarno-run.ch\\\/wp-content\\\/uploads\\\/2024\\\/09\\\/scatta-contro-la-violenza-feat-ascona-locarno-run-2024.jpg\",\"articleSection\":[\"Non classifi\u00e9(e)\"],\"inLanguage\":\"fr-FR\",\"potentialAction\":[{\"@type\":\"CommentAction\",\"name\":\"Comment\",\"target\":[\"https:\\\/\\\/www.ascona-locarno-run.ch\\\/fr\\\/je-sprint-comme-ca-et-toi\\\/#respond\"]}]},{\"@type\":\"WebPage\",\"@id\":\"https:\\\/\\\/www.ascona-locarno-run.ch\\\/fr\\\/je-sprint-comme-ca-et-toi\\\/\",\"url\":\"https:\\\/\\\/www.ascona-locarno-run.ch\\\/fr\\\/je-sprint-comme-ca-et-toi\\\/\",\"name\":\"Je sprint comme \u00e7a, et toi ? - Ascona Locarno Run\",\"isPartOf\":{\"@id\":\"https:\\\/\\\/www.ascona-locarno-run.ch\\\/#website\"},\"primaryImageOfPage\":{\"@id\":\"https:\\\/\\\/www.ascona-locarno-run.ch\\\/fr\\\/je-sprint-comme-ca-et-toi\\\/#primaryimage\"},\"image\":{\"@id\":\"https:\\\/\\\/www.ascona-locarno-run.ch\\\/fr\\\/je-sprint-comme-ca-et-toi\\\/#primaryimage\"},\"thumbnailUrl\":\"https:\\\/\\\/www.ascona-locarno-run.ch\\\/wp-content\\\/uploads\\\/2024\\\/09\\\/scatta-contro-la-violenza-feat-ascona-locarno-run-2024.jpg\",\"datePublished\":\"2024-09-21T12:38:01+00:00\",\"dateModified\":\"2024-09-23T12:45:32+00:00\",\"breadcrumb\":{\"@id\":\"https:\\\/\\\/www.ascona-locarno-run.ch\\\/fr\\\/je-sprint-comme-ca-et-toi\\\/#breadcrumb\"},\"inLanguage\":\"fr-FR\",\"potentialAction\":[{\"@type\":\"ReadAction\",\"target\":[\"https:\\\/\\\/www.ascona-locarno-run.ch\\\/fr\\\/je-sprint-comme-ca-et-toi\\\/\"]}]},{\"@type\":\"ImageObject\",\"inLanguage\":\"fr-FR\",\"@id\":\"https:\\\/\\\/www.ascona-locarno-run.ch\\\/fr\\\/je-sprint-comme-ca-et-toi\\\/#primaryimage\",\"url\":\"https:\\\/\\\/www.ascona-locarno-run.ch\\\/wp-content\\\/uploads\\\/2024\\\/09\\\/scatta-contro-la-violenza-feat-ascona-locarno-run-2024.jpg\",\"contentUrl\":\"https:\\\/\\\/www.ascona-locarno-run.ch\\\/wp-content\\\/uploads\\\/2024\\\/09\\\/scatta-contro-la-violenza-feat-ascona-locarno-run-2024.jpg\",\"width\":799,\"height\":535},{\"@type\":\"BreadcrumbList\",\"@id\":\"https:\\\/\\\/www.ascona-locarno-run.ch\\\/fr\\\/je-sprint-comme-ca-et-toi\\\/#breadcrumb\",\"itemListElement\":[{\"@type\":\"ListItem\",\"position\":1,\"name\":\"Home\",\"item\":\"https:\\\/\\\/www.ascona-locarno-run.ch\\\/fr\\\/\"},{\"@type\":\"ListItem\",\"position\":2,\"name\":\"Je sprint comme \u00e7a, et toi ?\"}]},{\"@type\":\"WebSite\",\"@id\":\"https:\\\/\\\/www.ascona-locarno-run.ch\\\/#website\",\"url\":\"https:\\\/\\\/www.ascona-locarno-run.ch\\\/\",\"name\":\"Ascona-Locarno Run\",\"description\":\"L\u2019endroit parfait pour votre course !\u00a0\",\"publisher\":{\"@id\":\"https:\\\/\\\/www.ascona-locarno-run.ch\\\/#organization\"},\"potentialAction\":[{\"@type\":\"SearchAction\",\"target\":{\"@type\":\"EntryPoint\",\"urlTemplate\":\"https:\\\/\\\/www.ascona-locarno-run.ch\\\/?s={search_term_string}\"},\"query-input\":{\"@type\":\"PropertyValueSpecification\",\"valueRequired\":true,\"valueName\":\"search_term_string\"}}],\"inLanguage\":\"fr-FR\"},{\"@type\":\"Organization\",\"@id\":\"https:\\\/\\\/www.ascona-locarno-run.ch\\\/#organization\",\"name\":\"Ascona-Locarno Run\",\"url\":\"https:\\\/\\\/www.ascona-locarno-run.ch\\\/\",\"logo\":{\"@type\":\"ImageObject\",\"inLanguage\":\"fr-FR\",\"@id\":\"https:\\\/\\\/www.ascona-locarno-run.ch\\\/#\\\/schema\\\/logo\\\/image\\\/\",\"url\":\"https:\\\/\\\/www.ascona-locarno-run.ch\\\/wp-content\\\/uploads\\\/2024\\\/02\\\/logo-alr-colored.png\",\"contentUrl\":\"https:\\\/\\\/www.ascona-locarno-run.ch\\\/wp-content\\\/uploads\\\/2024\\\/02\\\/logo-alr-colored.png\",\"width\":800,\"height\":368,\"caption\":\"Ascona-Locarno Run\"},\"image\":{\"@id\":\"https:\\\/\\\/www.ascona-locarno-run.ch\\\/#\\\/schema\\\/logo\\\/image\\\/\"},\"sameAs\":[\"https:\\\/\\\/www.facebook.com\\\/AsconaLocarnoRun\\\/\",\"https:\\\/\\\/www.instagram.com\\\/ascona_locarno_run\\\/\"]},{\"@type\":\"Person\",\"@id\":\"https:\\\/\\\/www.ascona-locarno-run.ch\\\/#\\\/schema\\\/person\\\/efc25e412da67e885c643a5e5391e183\",\"name\":\"milena.marradi\",\"image\":{\"@type\":\"ImageObject\",\"inLanguage\":\"fr-FR\",\"@id\":\"https:\\\/\\\/secure.gravatar.com\\\/avatar\\\/c7408484ef5e0aa30e055bf5cb5bdddafc3f99f33648fa24f978808eae7feca2?s=96&d=mm&r=g\",\"url\":\"https:\\\/\\\/secure.gravatar.com\\\/avatar\\\/c7408484ef5e0aa30e055bf5cb5bdddafc3f99f33648fa24f978808eae7feca2?s=96&d=mm&r=g\",\"contentUrl\":\"https:\\\/\\\/secure.gravatar.com\\\/avatar\\\/c7408484ef5e0aa30e055bf5cb5bdddafc3f99f33648fa24f978808eae7feca2?s=96&d=mm&r=g\",\"caption\":\"milena.marradi\"}}]}<\/script>\n<!-- \/ Yoast SEO plugin. -->","yoast_head_json":{"title":"Je sprint comme \u00e7a, et toi ? - Ascona Locarno Run","robots":{"index":"index","follow":"follow","max-snippet":"max-snippet:-1","max-image-preview":"max-image-preview:large","max-video-preview":"max-video-preview:-1"},"canonical":"https:\/\/www.ascona-locarno-run.ch\/fr\/je-sprint-comme-ca-et-toi\/","og_locale":"fr_FR","og_type":"article","og_title":"Je sprint comme \u00e7a, et toi ? - Ascona Locarno Run","og_description":"\u00ab\u00a0Je sprint comme \u00e7a, et toi ?\u00a0\u00bb Les\u00a012 et 13 octobre sur la Piazza Grande de Locarno, lors de l\u2019 Ascona-Locarno Run, le radar de la police de Locarno s\u2019est d\u00e9clench\u00e9 ! Offre gratuite en faveur de l\u2019 Associazione Bavona e Lavizzara ricostruiamo assieme. &nbsp;","og_url":"https:\/\/www.ascona-locarno-run.ch\/fr\/je-sprint-comme-ca-et-toi\/","og_site_name":"Ascona Locarno Run","article_publisher":"https:\/\/www.facebook.com\/AsconaLocarnoRun\/","article_published_time":"2024-09-21T12:38:01+00:00","article_modified_time":"2024-09-23T12:45:32+00:00","og_image":[{"width":799,"height":535,"url":"https:\/\/www.ascona-locarno-run.ch\/wp-content\/uploads\/2024\/09\/scatta-contro-la-violenza-feat-ascona-locarno-run-2024.jpg","type":"image\/jpeg"}],"author":"milena.marradi","twitter_card":"summary_large_image","twitter_misc":{"\u00c9crit par":"milena.marradi","Dur\u00e9e de lecture estim\u00e9e":"1 minute"},"schema":{"@context":"https:\/\/schema.org","@graph":[{"@type":"Article","@id":"https:\/\/www.ascona-locarno-run.ch\/fr\/je-sprint-comme-ca-et-toi\/#article","isPartOf":{"@id":"https:\/\/www.ascona-locarno-run.ch\/fr\/je-sprint-comme-ca-et-toi\/"},"author":{"name":"milena.marradi","@id":"https:\/\/www.ascona-locarno-run.ch\/#\/schema\/person\/efc25e412da67e885c643a5e5391e183"},"headline":"Je sprint comme \u00e7a, et toi ?","datePublished":"2024-09-21T12:38:01+00:00","dateModified":"2024-09-23T12:45:32+00:00","mainEntityOfPage":{"@id":"https:\/\/www.ascona-locarno-run.ch\/fr\/je-sprint-comme-ca-et-toi\/"},"wordCount":50,"commentCount":0,"publisher":{"@id":"https:\/\/www.ascona-locarno-run.ch\/#organization"},"image":{"@id":"https:\/\/www.ascona-locarno-run.ch\/fr\/je-sprint-comme-ca-et-toi\/#primaryimage"},"thumbnailUrl":"https:\/\/www.ascona-locarno-run.ch\/wp-content\/uploads\/2024\/09\/scatta-contro-la-violenza-feat-ascona-locarno-run-2024.jpg","articleSection":["Non classifi\u00e9(e)"],"inLanguage":"fr-FR","potentialAction":[{"@type":"CommentAction","name":"Comment","target":["https:\/\/www.ascona-locarno-run.ch\/fr\/je-sprint-comme-ca-et-toi\/#respond"]}]},{"@type":"WebPage","@id":"https:\/\/www.ascona-locarno-run.ch\/fr\/je-sprint-comme-ca-et-toi\/","url":"https:\/\/www.ascona-locarno-run.ch\/fr\/je-sprint-comme-ca-et-toi\/","name":"Je sprint comme \u00e7a, et toi ? - Ascona Locarno Run","isPartOf":{"@id":"https:\/\/www.ascona-locarno-run.ch\/#website"},"primaryImageOfPage":{"@id":"https:\/\/www.ascona-locarno-run.ch\/fr\/je-sprint-comme-ca-et-toi\/#primaryimage"},"image":{"@id":"https:\/\/www.ascona-locarno-run.ch\/fr\/je-sprint-comme-ca-et-toi\/#primaryimage"},"thumbnailUrl":"https:\/\/www.ascona-locarno-run.ch\/wp-content\/uploads\/2024\/09\/scatta-contro-la-violenza-feat-ascona-locarno-run-2024.jpg","datePublished":"2024-09-21T12:38:01+00:00","dateModified":"2024-09-23T12:45:32+00:00","breadcrumb":{"@id":"https:\/\/www.ascona-locarno-run.ch\/fr\/je-sprint-comme-ca-et-toi\/#breadcrumb"},"inLanguage":"fr-FR","potentialAction":[{"@type":"ReadAction","target":["https:\/\/www.ascona-locarno-run.ch\/fr\/je-sprint-comme-ca-et-toi\/"]}]},{"@type":"ImageObject","inLanguage":"fr-FR","@id":"https:\/\/www.ascona-locarno-run.ch\/fr\/je-sprint-comme-ca-et-toi\/#primaryimage","url":"https:\/\/www.ascona-locarno-run.ch\/wp-content\/uploads\/2024\/09\/scatta-contro-la-violenza-feat-ascona-locarno-run-2024.jpg","contentUrl":"https:\/\/www.ascona-locarno-run.ch\/wp-content\/uploads\/2024\/09\/scatta-contro-la-violenza-feat-ascona-locarno-run-2024.jpg","width":799,"height":535},{"@type":"BreadcrumbList","@id":"https:\/\/www.ascona-locarno-run.ch\/fr\/je-sprint-comme-ca-et-toi\/#breadcrumb","itemListElement":[{"@type":"ListItem","position":1,"name":"Home","item":"https:\/\/www.ascona-locarno-run.ch\/fr\/"},{"@type":"ListItem","position":2,"name":"Je sprint comme \u00e7a, et toi ?"}]},{"@type":"WebSite","@id":"https:\/\/www.ascona-locarno-run.ch\/#website","url":"https:\/\/www.ascona-locarno-run.ch\/","name":"Ascona-Locarno Run","description":"L\u2019endroit parfait pour votre course !\u00a0","publisher":{"@id":"https:\/\/www.ascona-locarno-run.ch\/#organization"},"potentialAction":[{"@type":"SearchAction","target":{"@type":"EntryPoint","urlTemplate":"https:\/\/www.ascona-locarno-run.ch\/?s={search_term_string}"},"query-input":{"@type":"PropertyValueSpecification","valueRequired":true,"valueName":"search_term_string"}}],"inLanguage":"fr-FR"},{"@type":"Organization","@id":"https:\/\/www.ascona-locarno-run.ch\/#organization","name":"Ascona-Locarno Run","url":"https:\/\/www.ascona-locarno-run.ch\/","logo":{"@type":"ImageObject","inLanguage":"fr-FR","@id":"https:\/\/www.ascona-locarno-run.ch\/#\/schema\/logo\/image\/","url":"https:\/\/www.ascona-locarno-run.ch\/wp-content\/uploads\/2024\/02\/logo-alr-colored.png","contentUrl":"https:\/\/www.ascona-locarno-run.ch\/wp-content\/uploads\/2024\/02\/logo-alr-colored.png","width":800,"height":368,"caption":"Ascona-Locarno Run"},"image":{"@id":"https:\/\/www.ascona-locarno-run.ch\/#\/schema\/logo\/image\/"},"sameAs":["https:\/\/www.facebook.com\/AsconaLocarnoRun\/","https:\/\/www.instagram.com\/ascona_locarno_run\/"]},{"@type":"Person","@id":"https:\/\/www.ascona-locarno-run.ch\/#\/schema\/person\/efc25e412da67e885c643a5e5391e183","name":"milena.marradi","image":{"@type":"ImageObject","inLanguage":"fr-FR","@id":"https:\/\/secure.gravatar.com\/avatar\/c7408484ef5e0aa30e055bf5cb5bdddafc3f99f33648fa24f978808eae7feca2?s=96&d=mm&r=g","url":"https:\/\/secure.gravatar.com\/avatar\/c7408484ef5e0aa30e055bf5cb5bdddafc3f99f33648fa24f978808eae7feca2?s=96&d=mm&r=g","contentUrl":"https:\/\/secure.gravatar.com\/avatar\/c7408484ef5e0aa30e055bf5cb5bdddafc3f99f33648fa24f978808eae7feca2?s=96&d=mm&r=g","caption":"milena.marradi"}}]}},"_links":{"self":[{"href":"https:\/\/www.ascona-locarno-run.ch\/fr\/wp-json\/wp\/v2\/posts\/27831","targetHints":{"allow":["GET"]}}],"collection":[{"href":"https:\/\/www.ascona-locarno-run.ch\/fr\/wp-json\/wp\/v2\/posts"}],"about":[{"href":"https:\/\/www.ascona-locarno-run.ch\/fr\/wp-json\/wp\/v2\/types\/post"}],"author":[{"embeddable":true,"href":"https:\/\/www.ascona-locarno-run.ch\/fr\/wp-json\/wp\/v2\/users\/8"}],"replies":[{"embeddable":true,"href":"https:\/\/www.ascona-locarno-run.ch\/fr\/wp-json\/wp\/v2\/comments?post=27831"}],"version-history":[{"count":1,"href":"https:\/\/www.ascona-locarno-run.ch\/fr\/wp-json\/wp\/v2\/posts\/27831\/revisions"}],"predecessor-version":[{"id":27839,"href":"https:\/\/www.ascona-locarno-run.ch\/fr\/wp-json\/wp\/v2\/posts\/27831\/revisions\/27839"}],"wp:featuredmedia":[{"embeddable":true,"href":"https:\/\/www.ascona-locarno-run.ch\/fr\/wp-json\/wp\/v2\/media\/27845"}],"wp:attachment":[{"href":"https:\/\/www.ascona-locarno-run.ch\/fr\/wp-json\/wp\/v2\/media?parent=27831"}],"wp:term":[{"taxonomy":"category","embeddable":true,"href":"https:\/\/www.ascona-locarno-run.ch\/fr\/wp-json\/wp\/v2\/categories?post=27831"},{"taxonomy":"post_tag","embeddable":true,"href":"https:\/\/www.ascona-locarno-run.ch\/fr\/wp-json\/wp\/v2\/tags?post=27831"}],"curies":[{"name":"wp","href":"https:\/\/api.w.org\/{rel}","templated":true}]}}