{"id":24892,"date":"2023-03-16T15:14:33","date_gmt":"2023-03-16T14:14:33","guid":{"rendered":"https:\/\/www.ascona-locarno-run.ch\/run-apero-5-km-al-tramonto-tutti-da-gustare\/"},"modified":"2023-03-16T15:37:06","modified_gmt":"2023-03-16T14:37:06","slug":"run-apero-5-km-de-course-au-coucher-du-soleil-a-deguster","status":"publish","type":"post","link":"https:\/\/www.ascona-locarno-run.ch\/fr\/run-apero-5-km-de-course-au-coucher-du-soleil-a-deguster\/","title":{"rendered":"Run &#038; Ap\u00e9ro : 5 km de course au coucher du soleil \u00e0 d\u00e9guster !"},"content":{"rendered":"<h3 style=\"text-align: center;\">Inscrivez-vous \u00e0 la course 5 km Sunset Run et d\u00e9gustez un savoureux ap\u00e9ritif au Gran Caff\u00e8 Verbano, sur la Piazza Grande, apr\u00e8s avoir termin\u00e9 votre course !<\/h3>\n<h4 style=\"text-align: center;\"><span style=\"color: #000000;\">Participez \u00e0 un \u00e9v\u00e9nement unique qui, au coucher du soleil, cr\u00e9e une combinaison captivante de sport, de territoire et d&rsquo;ap\u00e9ritif !<\/span><\/h4>\n<p>Lors de votre inscription en ligne \u00e0 la course 5 km Sunset Run, vous aurez la possibilit\u00e9 d&rsquo;acheter votre ap\u00e9ritif au prix de 15 CHF, qui comprend:<\/p>\n<ul>\n<li>1 boisson au choix parmi les suivantes:\n<ul>\n<li>\n<div>Merlot blanc 1dl<\/div>\n<\/li>\n<li>\n<div>Merlot rouge 1dl<\/div>\n<\/li>\n<li>\n<div>Prosecco 1dl<\/div>\n<\/li>\n<li>\n<div>bi\u00e8re blonde\/ambre \u00e0 la pression 3 dl<\/div>\n<\/li>\n<li>\n<div>bi\u00e8re sans alcool 33 cl<\/div>\n<\/li>\n<li>\n<div>ice tea citron\/p\u00eache 3dl<\/div>\n<\/li>\n<li>\n<div>jus d&rsquo;orange 2dl<\/div>\n<\/li>\n<\/ul>\n<\/li>\n<li>1 boisson au choix parmi les suivantes:<\/li>\n<\/ul>\n<p>L&rsquo;offre est r\u00e9serv\u00e9e aux plus de 18 ans et ne peut \u00eatre achet\u00e9e qu&rsquo;en s&rsquo;inscrivant en ligne \u00e0 la course 5 km Sunset Run avant le 12 octobre 2023.<\/p>\n<p><em>L&rsquo;image est utilis\u00e9e \u00e0 des fins d&rsquo;illustration uniquement et peut ne pas repr\u00e9senter le produit r\u00e9el.<\/em><\/p>\n","protected":false},"excerpt":{"rendered":"<p>Inscrivez-vous \u00e0 la course 5 km Sunset Run et d\u00e9gustez un savoureux ap\u00e9ritif au Gran Caff\u00e8 Verbano, sur la Piazza Grande, apr\u00e8s avoir termin\u00e9 votre course ! Participez \u00e0 un \u00e9v\u00e9nement unique qui, au coucher du soleil, cr\u00e9e une combinaison captivante de sport, de territoire et d&rsquo;ap\u00e9ritif ! Lors de votre inscription en ligne \u00e0  [&#8230;]<\/p>\n","protected":false},"author":8,"featured_media":24927,"comment_status":"open","ping_status":"open","sticky":false,"template":"","format":"standard","meta":{"footnotes":""},"categories":[211],"tags":[],"class_list":["post-24892","post","type-post","status-publish","format-standard","has-post-thumbnail","hentry","category-news-fr"],"yoast_head":"<!-- This site is optimized with the Yoast SEO plugin v27.5 - https:\/\/yoast.com\/product\/yoast-seo-wordpress\/ -->\n<title>Run &amp; Ap\u00e9ro : 5 km de course au coucher du soleil \u00e0 d\u00e9guster ! - Ascona Locarno Run<\/title>\n<meta name=\"robots\" content=\"index, follow, max-snippet:-1, max-image-preview:large, max-video-preview:-1\" \/>\n<link rel=\"canonical\" href=\"https:\/\/www.ascona-locarno-run.ch\/fr\/run-apero-5-km-de-course-au-coucher-du-soleil-a-deguster\/\" \/>\n<meta property=\"og:locale\" content=\"fr_FR\" \/>\n<meta property=\"og:type\" content=\"article\" \/>\n<meta property=\"og:title\" content=\"Run &amp; Ap\u00e9ro : 5 km de course au coucher du soleil \u00e0 d\u00e9guster ! - Ascona Locarno Run\" \/>\n<meta property=\"og:description\" content=\"Inscrivez-vous \u00e0 la course 5 km Sunset Run et d\u00e9gustez un savoureux ap\u00e9ritif au Gran Caff\u00e8 Verbano, sur la Piazza Grande, apr\u00e8s avoir termin\u00e9 votre course ! Participez \u00e0 un \u00e9v\u00e9nement unique qui, au coucher du soleil, cr\u00e9e une combinaison captivante de sport, de territoire et d&rsquo;ap\u00e9ritif ! Lors de votre inscription en ligne \u00e0 [...]\" \/>\n<meta property=\"og:url\" content=\"https:\/\/www.ascona-locarno-run.ch\/fr\/run-apero-5-km-de-course-au-coucher-du-soleil-a-deguster\/\" \/>\n<meta property=\"og:site_name\" content=\"Ascona Locarno Run\" \/>\n<meta property=\"article:publisher\" content=\"https:\/\/www.facebook.com\/AsconaLocarnoRun\/\" \/>\n<meta property=\"article:published_time\" content=\"2023-03-16T14:14:33+00:00\" \/>\n<meta property=\"article:modified_time\" content=\"2023-03-16T14:37:06+00:00\" \/>\n<meta property=\"og:image\" content=\"https:\/\/www.ascona-locarno-run.ch\/wp-content\/uploads\/2023\/03\/run-and-apero-feat-1.jpg\" \/>\n\t<meta property=\"og:image:width\" content=\"799\" \/>\n\t<meta property=\"og:image:height\" content=\"533\" \/>\n\t<meta property=\"og:image:type\" content=\"image\/jpeg\" \/>\n<meta name=\"author\" content=\"milena.marradi\" \/>\n<meta name=\"twitter:card\" content=\"summary_large_image\" \/>\n<meta name=\"twitter:label1\" content=\"\u00c9crit par\" \/>\n\t<meta name=\"twitter:data1\" content=\"milena.marradi\" \/>\n\t<meta name=\"twitter:label2\" content=\"Dur\u00e9e de lecture estim\u00e9e\" \/>\n\t<meta name=\"twitter:data2\" content=\"1 minute\" \/>\n<script type=\"application\/ld+json\" class=\"yoast-schema-graph\">{\"@context\":\"https:\\\/\\\/schema.org\",\"@graph\":[{\"@type\":\"Article\",\"@id\":\"https:\\\/\\\/www.ascona-locarno-run.ch\\\/fr\\\/run-apero-5-km-de-course-au-coucher-du-soleil-a-deguster\\\/#article\",\"isPartOf\":{\"@id\":\"https:\\\/\\\/www.ascona-locarno-run.ch\\\/fr\\\/run-apero-5-km-de-course-au-coucher-du-soleil-a-deguster\\\/\"},\"author\":{\"name\":\"milena.marradi\",\"@id\":\"https:\\\/\\\/www.ascona-locarno-run.ch\\\/#\\\/schema\\\/person\\\/efc25e412da67e885c643a5e5391e183\"},\"headline\":\"Run &#038; Ap\u00e9ro : 5 km de course au coucher du soleil \u00e0 d\u00e9guster !\",\"datePublished\":\"2023-03-16T14:14:33+00:00\",\"dateModified\":\"2023-03-16T14:37:06+00:00\",\"mainEntityOfPage\":{\"@id\":\"https:\\\/\\\/www.ascona-locarno-run.ch\\\/fr\\\/run-apero-5-km-de-course-au-coucher-du-soleil-a-deguster\\\/\"},\"wordCount\":180,\"commentCount\":0,\"publisher\":{\"@id\":\"https:\\\/\\\/www.ascona-locarno-run.ch\\\/#organization\"},\"image\":{\"@id\":\"https:\\\/\\\/www.ascona-locarno-run.ch\\\/fr\\\/run-apero-5-km-de-course-au-coucher-du-soleil-a-deguster\\\/#primaryimage\"},\"thumbnailUrl\":\"https:\\\/\\\/www.ascona-locarno-run.ch\\\/wp-content\\\/uploads\\\/2023\\\/03\\\/run-and-apero-feat-1.jpg\",\"articleSection\":[\"Nouvelles\"],\"inLanguage\":\"fr-FR\",\"potentialAction\":[{\"@type\":\"CommentAction\",\"name\":\"Comment\",\"target\":[\"https:\\\/\\\/www.ascona-locarno-run.ch\\\/fr\\\/run-apero-5-km-de-course-au-coucher-du-soleil-a-deguster\\\/#respond\"]}]},{\"@type\":\"WebPage\",\"@id\":\"https:\\\/\\\/www.ascona-locarno-run.ch\\\/fr\\\/run-apero-5-km-de-course-au-coucher-du-soleil-a-deguster\\\/\",\"url\":\"https:\\\/\\\/www.ascona-locarno-run.ch\\\/fr\\\/run-apero-5-km-de-course-au-coucher-du-soleil-a-deguster\\\/\",\"name\":\"Run & Ap\u00e9ro : 5 km de course au coucher du soleil \u00e0 d\u00e9guster ! - Ascona Locarno Run\",\"isPartOf\":{\"@id\":\"https:\\\/\\\/www.ascona-locarno-run.ch\\\/#website\"},\"primaryImageOfPage\":{\"@id\":\"https:\\\/\\\/www.ascona-locarno-run.ch\\\/fr\\\/run-apero-5-km-de-course-au-coucher-du-soleil-a-deguster\\\/#primaryimage\"},\"image\":{\"@id\":\"https:\\\/\\\/www.ascona-locarno-run.ch\\\/fr\\\/run-apero-5-km-de-course-au-coucher-du-soleil-a-deguster\\\/#primaryimage\"},\"thumbnailUrl\":\"https:\\\/\\\/www.ascona-locarno-run.ch\\\/wp-content\\\/uploads\\\/2023\\\/03\\\/run-and-apero-feat-1.jpg\",\"datePublished\":\"2023-03-16T14:14:33+00:00\",\"dateModified\":\"2023-03-16T14:37:06+00:00\",\"breadcrumb\":{\"@id\":\"https:\\\/\\\/www.ascona-locarno-run.ch\\\/fr\\\/run-apero-5-km-de-course-au-coucher-du-soleil-a-deguster\\\/#breadcrumb\"},\"inLanguage\":\"fr-FR\",\"potentialAction\":[{\"@type\":\"ReadAction\",\"target\":[\"https:\\\/\\\/www.ascona-locarno-run.ch\\\/fr\\\/run-apero-5-km-de-course-au-coucher-du-soleil-a-deguster\\\/\"]}]},{\"@type\":\"ImageObject\",\"inLanguage\":\"fr-FR\",\"@id\":\"https:\\\/\\\/www.ascona-locarno-run.ch\\\/fr\\\/run-apero-5-km-de-course-au-coucher-du-soleil-a-deguster\\\/#primaryimage\",\"url\":\"https:\\\/\\\/www.ascona-locarno-run.ch\\\/wp-content\\\/uploads\\\/2023\\\/03\\\/run-and-apero-feat-1.jpg\",\"contentUrl\":\"https:\\\/\\\/www.ascona-locarno-run.ch\\\/wp-content\\\/uploads\\\/2023\\\/03\\\/run-and-apero-feat-1.jpg\",\"width\":799,\"height\":533},{\"@type\":\"BreadcrumbList\",\"@id\":\"https:\\\/\\\/www.ascona-locarno-run.ch\\\/fr\\\/run-apero-5-km-de-course-au-coucher-du-soleil-a-deguster\\\/#breadcrumb\",\"itemListElement\":[{\"@type\":\"ListItem\",\"position\":1,\"name\":\"Home\",\"item\":\"https:\\\/\\\/www.ascona-locarno-run.ch\\\/fr\\\/\"},{\"@type\":\"ListItem\",\"position\":2,\"name\":\"Run &#038; Ap\u00e9ro : 5 km de course au coucher du soleil \u00e0 d\u00e9guster !\"}]},{\"@type\":\"WebSite\",\"@id\":\"https:\\\/\\\/www.ascona-locarno-run.ch\\\/#website\",\"url\":\"https:\\\/\\\/www.ascona-locarno-run.ch\\\/\",\"name\":\"Ascona-Locarno Run\",\"description\":\"L\u2019endroit parfait pour votre course !\u00a0\",\"publisher\":{\"@id\":\"https:\\\/\\\/www.ascona-locarno-run.ch\\\/#organization\"},\"potentialAction\":[{\"@type\":\"SearchAction\",\"target\":{\"@type\":\"EntryPoint\",\"urlTemplate\":\"https:\\\/\\\/www.ascona-locarno-run.ch\\\/?s={search_term_string}\"},\"query-input\":{\"@type\":\"PropertyValueSpecification\",\"valueRequired\":true,\"valueName\":\"search_term_string\"}}],\"inLanguage\":\"fr-FR\"},{\"@type\":\"Organization\",\"@id\":\"https:\\\/\\\/www.ascona-locarno-run.ch\\\/#organization\",\"name\":\"Ascona-Locarno Run\",\"url\":\"https:\\\/\\\/www.ascona-locarno-run.ch\\\/\",\"logo\":{\"@type\":\"ImageObject\",\"inLanguage\":\"fr-FR\",\"@id\":\"https:\\\/\\\/www.ascona-locarno-run.ch\\\/#\\\/schema\\\/logo\\\/image\\\/\",\"url\":\"https:\\\/\\\/www.ascona-locarno-run.ch\\\/wp-content\\\/uploads\\\/2024\\\/02\\\/logo-alr-colored.png\",\"contentUrl\":\"https:\\\/\\\/www.ascona-locarno-run.ch\\\/wp-content\\\/uploads\\\/2024\\\/02\\\/logo-alr-colored.png\",\"width\":800,\"height\":368,\"caption\":\"Ascona-Locarno Run\"},\"image\":{\"@id\":\"https:\\\/\\\/www.ascona-locarno-run.ch\\\/#\\\/schema\\\/logo\\\/image\\\/\"},\"sameAs\":[\"https:\\\/\\\/www.facebook.com\\\/AsconaLocarnoRun\\\/\",\"https:\\\/\\\/www.instagram.com\\\/ascona_locarno_run\\\/\"]},{\"@type\":\"Person\",\"@id\":\"https:\\\/\\\/www.ascona-locarno-run.ch\\\/#\\\/schema\\\/person\\\/efc25e412da67e885c643a5e5391e183\",\"name\":\"milena.marradi\",\"image\":{\"@type\":\"ImageObject\",\"inLanguage\":\"fr-FR\",\"@id\":\"https:\\\/\\\/secure.gravatar.com\\\/avatar\\\/c7408484ef5e0aa30e055bf5cb5bdddafc3f99f33648fa24f978808eae7feca2?s=96&d=mm&r=g\",\"url\":\"https:\\\/\\\/secure.gravatar.com\\\/avatar\\\/c7408484ef5e0aa30e055bf5cb5bdddafc3f99f33648fa24f978808eae7feca2?s=96&d=mm&r=g\",\"contentUrl\":\"https:\\\/\\\/secure.gravatar.com\\\/avatar\\\/c7408484ef5e0aa30e055bf5cb5bdddafc3f99f33648fa24f978808eae7feca2?s=96&d=mm&r=g\",\"caption\":\"milena.marradi\"}}]}<\/script>\n<!-- \/ Yoast SEO plugin. -->","yoast_head_json":{"title":"Run & Ap\u00e9ro : 5 km de course au coucher du soleil \u00e0 d\u00e9guster ! - Ascona Locarno Run","robots":{"index":"index","follow":"follow","max-snippet":"max-snippet:-1","max-image-preview":"max-image-preview:large","max-video-preview":"max-video-preview:-1"},"canonical":"https:\/\/www.ascona-locarno-run.ch\/fr\/run-apero-5-km-de-course-au-coucher-du-soleil-a-deguster\/","og_locale":"fr_FR","og_type":"article","og_title":"Run & Ap\u00e9ro : 5 km de course au coucher du soleil \u00e0 d\u00e9guster ! - Ascona Locarno Run","og_description":"Inscrivez-vous \u00e0 la course 5 km Sunset Run et d\u00e9gustez un savoureux ap\u00e9ritif au Gran Caff\u00e8 Verbano, sur la Piazza Grande, apr\u00e8s avoir termin\u00e9 votre course ! Participez \u00e0 un \u00e9v\u00e9nement unique qui, au coucher du soleil, cr\u00e9e une combinaison captivante de sport, de territoire et d&rsquo;ap\u00e9ritif ! Lors de votre inscription en ligne \u00e0 [...]","og_url":"https:\/\/www.ascona-locarno-run.ch\/fr\/run-apero-5-km-de-course-au-coucher-du-soleil-a-deguster\/","og_site_name":"Ascona Locarno Run","article_publisher":"https:\/\/www.facebook.com\/AsconaLocarnoRun\/","article_published_time":"2023-03-16T14:14:33+00:00","article_modified_time":"2023-03-16T14:37:06+00:00","og_image":[{"width":799,"height":533,"url":"https:\/\/www.ascona-locarno-run.ch\/wp-content\/uploads\/2023\/03\/run-and-apero-feat-1.jpg","type":"image\/jpeg"}],"author":"milena.marradi","twitter_card":"summary_large_image","twitter_misc":{"\u00c9crit par":"milena.marradi","Dur\u00e9e de lecture estim\u00e9e":"1 minute"},"schema":{"@context":"https:\/\/schema.org","@graph":[{"@type":"Article","@id":"https:\/\/www.ascona-locarno-run.ch\/fr\/run-apero-5-km-de-course-au-coucher-du-soleil-a-deguster\/#article","isPartOf":{"@id":"https:\/\/www.ascona-locarno-run.ch\/fr\/run-apero-5-km-de-course-au-coucher-du-soleil-a-deguster\/"},"author":{"name":"milena.marradi","@id":"https:\/\/www.ascona-locarno-run.ch\/#\/schema\/person\/efc25e412da67e885c643a5e5391e183"},"headline":"Run &#038; Ap\u00e9ro : 5 km de course au coucher du soleil \u00e0 d\u00e9guster !","datePublished":"2023-03-16T14:14:33+00:00","dateModified":"2023-03-16T14:37:06+00:00","mainEntityOfPage":{"@id":"https:\/\/www.ascona-locarno-run.ch\/fr\/run-apero-5-km-de-course-au-coucher-du-soleil-a-deguster\/"},"wordCount":180,"commentCount":0,"publisher":{"@id":"https:\/\/www.ascona-locarno-run.ch\/#organization"},"image":{"@id":"https:\/\/www.ascona-locarno-run.ch\/fr\/run-apero-5-km-de-course-au-coucher-du-soleil-a-deguster\/#primaryimage"},"thumbnailUrl":"https:\/\/www.ascona-locarno-run.ch\/wp-content\/uploads\/2023\/03\/run-and-apero-feat-1.jpg","articleSection":["Nouvelles"],"inLanguage":"fr-FR","potentialAction":[{"@type":"CommentAction","name":"Comment","target":["https:\/\/www.ascona-locarno-run.ch\/fr\/run-apero-5-km-de-course-au-coucher-du-soleil-a-deguster\/#respond"]}]},{"@type":"WebPage","@id":"https:\/\/www.ascona-locarno-run.ch\/fr\/run-apero-5-km-de-course-au-coucher-du-soleil-a-deguster\/","url":"https:\/\/www.ascona-locarno-run.ch\/fr\/run-apero-5-km-de-course-au-coucher-du-soleil-a-deguster\/","name":"Run & Ap\u00e9ro : 5 km de course au coucher du soleil \u00e0 d\u00e9guster ! - Ascona Locarno Run","isPartOf":{"@id":"https:\/\/www.ascona-locarno-run.ch\/#website"},"primaryImageOfPage":{"@id":"https:\/\/www.ascona-locarno-run.ch\/fr\/run-apero-5-km-de-course-au-coucher-du-soleil-a-deguster\/#primaryimage"},"image":{"@id":"https:\/\/www.ascona-locarno-run.ch\/fr\/run-apero-5-km-de-course-au-coucher-du-soleil-a-deguster\/#primaryimage"},"thumbnailUrl":"https:\/\/www.ascona-locarno-run.ch\/wp-content\/uploads\/2023\/03\/run-and-apero-feat-1.jpg","datePublished":"2023-03-16T14:14:33+00:00","dateModified":"2023-03-16T14:37:06+00:00","breadcrumb":{"@id":"https:\/\/www.ascona-locarno-run.ch\/fr\/run-apero-5-km-de-course-au-coucher-du-soleil-a-deguster\/#breadcrumb"},"inLanguage":"fr-FR","potentialAction":[{"@type":"ReadAction","target":["https:\/\/www.ascona-locarno-run.ch\/fr\/run-apero-5-km-de-course-au-coucher-du-soleil-a-deguster\/"]}]},{"@type":"ImageObject","inLanguage":"fr-FR","@id":"https:\/\/www.ascona-locarno-run.ch\/fr\/run-apero-5-km-de-course-au-coucher-du-soleil-a-deguster\/#primaryimage","url":"https:\/\/www.ascona-locarno-run.ch\/wp-content\/uploads\/2023\/03\/run-and-apero-feat-1.jpg","contentUrl":"https:\/\/www.ascona-locarno-run.ch\/wp-content\/uploads\/2023\/03\/run-and-apero-feat-1.jpg","width":799,"height":533},{"@type":"BreadcrumbList","@id":"https:\/\/www.ascona-locarno-run.ch\/fr\/run-apero-5-km-de-course-au-coucher-du-soleil-a-deguster\/#breadcrumb","itemListElement":[{"@type":"ListItem","position":1,"name":"Home","item":"https:\/\/www.ascona-locarno-run.ch\/fr\/"},{"@type":"ListItem","position":2,"name":"Run &#038; Ap\u00e9ro : 5 km de course au coucher du soleil \u00e0 d\u00e9guster !"}]},{"@type":"WebSite","@id":"https:\/\/www.ascona-locarno-run.ch\/#website","url":"https:\/\/www.ascona-locarno-run.ch\/","name":"Ascona-Locarno Run","description":"L\u2019endroit parfait pour votre course !\u00a0","publisher":{"@id":"https:\/\/www.ascona-locarno-run.ch\/#organization"},"potentialAction":[{"@type":"SearchAction","target":{"@type":"EntryPoint","urlTemplate":"https:\/\/www.ascona-locarno-run.ch\/?s={search_term_string}"},"query-input":{"@type":"PropertyValueSpecification","valueRequired":true,"valueName":"search_term_string"}}],"inLanguage":"fr-FR"},{"@type":"Organization","@id":"https:\/\/www.ascona-locarno-run.ch\/#organization","name":"Ascona-Locarno Run","url":"https:\/\/www.ascona-locarno-run.ch\/","logo":{"@type":"ImageObject","inLanguage":"fr-FR","@id":"https:\/\/www.ascona-locarno-run.ch\/#\/schema\/logo\/image\/","url":"https:\/\/www.ascona-locarno-run.ch\/wp-content\/uploads\/2024\/02\/logo-alr-colored.png","contentUrl":"https:\/\/www.ascona-locarno-run.ch\/wp-content\/uploads\/2024\/02\/logo-alr-colored.png","width":800,"height":368,"caption":"Ascona-Locarno Run"},"image":{"@id":"https:\/\/www.ascona-locarno-run.ch\/#\/schema\/logo\/image\/"},"sameAs":["https:\/\/www.facebook.com\/AsconaLocarnoRun\/","https:\/\/www.instagram.com\/ascona_locarno_run\/"]},{"@type":"Person","@id":"https:\/\/www.ascona-locarno-run.ch\/#\/schema\/person\/efc25e412da67e885c643a5e5391e183","name":"milena.marradi","image":{"@type":"ImageObject","inLanguage":"fr-FR","@id":"https:\/\/secure.gravatar.com\/avatar\/c7408484ef5e0aa30e055bf5cb5bdddafc3f99f33648fa24f978808eae7feca2?s=96&d=mm&r=g","url":"https:\/\/secure.gravatar.com\/avatar\/c7408484ef5e0aa30e055bf5cb5bdddafc3f99f33648fa24f978808eae7feca2?s=96&d=mm&r=g","contentUrl":"https:\/\/secure.gravatar.com\/avatar\/c7408484ef5e0aa30e055bf5cb5bdddafc3f99f33648fa24f978808eae7feca2?s=96&d=mm&r=g","caption":"milena.marradi"}}]}},"_links":{"self":[{"href":"https:\/\/www.ascona-locarno-run.ch\/fr\/wp-json\/wp\/v2\/posts\/24892","targetHints":{"allow":["GET"]}}],"collection":[{"href":"https:\/\/www.ascona-locarno-run.ch\/fr\/wp-json\/wp\/v2\/posts"}],"about":[{"href":"https:\/\/www.ascona-locarno-run.ch\/fr\/wp-json\/wp\/v2\/types\/post"}],"author":[{"embeddable":true,"href":"https:\/\/www.ascona-locarno-run.ch\/fr\/wp-json\/wp\/v2\/users\/8"}],"replies":[{"embeddable":true,"href":"https:\/\/www.ascona-locarno-run.ch\/fr\/wp-json\/wp\/v2\/comments?post=24892"}],"version-history":[{"count":3,"href":"https:\/\/www.ascona-locarno-run.ch\/fr\/wp-json\/wp\/v2\/posts\/24892\/revisions"}],"predecessor-version":[{"id":24900,"href":"https:\/\/www.ascona-locarno-run.ch\/fr\/wp-json\/wp\/v2\/posts\/24892\/revisions\/24900"}],"wp:featuredmedia":[{"embeddable":true,"href":"https:\/\/www.ascona-locarno-run.ch\/fr\/wp-json\/wp\/v2\/media\/24927"}],"wp:attachment":[{"href":"https:\/\/www.ascona-locarno-run.ch\/fr\/wp-json\/wp\/v2\/media?parent=24892"}],"wp:term":[{"taxonomy":"category","embeddable":true,"href":"https:\/\/www.ascona-locarno-run.ch\/fr\/wp-json\/wp\/v2\/categories?post=24892"},{"taxonomy":"post_tag","embeddable":true,"href":"https:\/\/www.ascona-locarno-run.ch\/fr\/wp-json\/wp\/v2\/tags?post=24892"}],"curies":[{"name":"wp","href":"https:\/\/api.w.org\/{rel}","templated":true}]}}