{"id":24088,"date":"2022-09-27T11:26:57","date_gmt":"2022-09-27T09:26:57","guid":{"rendered":"https:\/\/www.ascona-locarno-run.ch\/bici-bar\/"},"modified":"2022-09-27T11:28:38","modified_gmt":"2022-09-27T09:28:38","slug":"barre-a-velo","status":"publish","type":"post","link":"https:\/\/www.ascona-locarno-run.ch\/fr\/barre-a-velo\/","title":{"rendered":"Barre \u00e0 v\u00e9lo"},"content":{"rendered":"<p>Il existe plusieurs fa\u00e7ons de promouvoir les bonnes pratiques li\u00e9es au d\u00e9veloppement durable. Le D\u00e9partement du Territoire a choisi de participer \u00e0 la Ascona-Locarno Run avec un v\u00e9lo sp\u00e9cial tirant le \u00ab\u00a0water bar\u00a0\u00bb.<\/p>\n<p>Les 15 et 16 octobre, la station install\u00e9e sur la Piazza Grande de Locarno sera donc \u00e0 la disposition des athl\u00e8tes et des spectateurs pour offrir un verre d&rsquo;eau fra\u00eeche (ou une recharge de la bouteille d&rsquo;eau) afin de pr\u00e9senter et de r\u00e9fl\u00e9chir \u00e0 divers sujets tels que le r\u00e9chauffement climatique, l&rsquo;\u00e9cologie, la biodiversit\u00e9, etc.<\/p>\n<p>Que dire, nous vous attendons !<\/p>\n","protected":false},"excerpt":{"rendered":"<p>Il existe plusieurs fa\u00e7ons de promouvoir les bonnes pratiques li\u00e9es au d\u00e9veloppement durable. Le D\u00e9partement du Territoire a choisi de participer \u00e0 la Ascona-Locarno Run avec un v\u00e9lo sp\u00e9cial tirant le \u00ab\u00a0water bar\u00a0\u00bb. Les 15 et 16 octobre, la station install\u00e9e sur la Piazza Grande de Locarno sera donc \u00e0 la disposition des athl\u00e8tes et  [&#8230;]<\/p>\n","protected":false},"author":8,"featured_media":24084,"comment_status":"open","ping_status":"open","sticky":false,"template":"","format":"standard","meta":{"footnotes":""},"categories":[211,212],"tags":[],"class_list":["post-24088","post","type-post","status-publish","format-standard","has-post-thumbnail","hentry","category-news-fr","category-home-fr"],"yoast_head":"<!-- This site is optimized with the Yoast SEO plugin v27.5 - https:\/\/yoast.com\/product\/yoast-seo-wordpress\/ -->\n<title>Barre \u00e0 v\u00e9lo - Ascona Locarno Run<\/title>\n<meta name=\"robots\" content=\"index, follow, max-snippet:-1, max-image-preview:large, max-video-preview:-1\" \/>\n<link rel=\"canonical\" href=\"https:\/\/www.ascona-locarno-run.ch\/fr\/barre-a-velo\/\" \/>\n<meta property=\"og:locale\" content=\"fr_FR\" \/>\n<meta property=\"og:type\" content=\"article\" \/>\n<meta property=\"og:title\" content=\"Barre \u00e0 v\u00e9lo - Ascona Locarno Run\" \/>\n<meta property=\"og:description\" content=\"Il existe plusieurs fa\u00e7ons de promouvoir les bonnes pratiques li\u00e9es au d\u00e9veloppement durable. Le D\u00e9partement du Territoire a choisi de participer \u00e0 la Ascona-Locarno Run avec un v\u00e9lo sp\u00e9cial tirant le \u00ab\u00a0water bar\u00a0\u00bb. Les 15 et 16 octobre, la station install\u00e9e sur la Piazza Grande de Locarno sera donc \u00e0 la disposition des athl\u00e8tes et [...]\" \/>\n<meta property=\"og:url\" content=\"https:\/\/www.ascona-locarno-run.ch\/fr\/barre-a-velo\/\" \/>\n<meta property=\"og:site_name\" content=\"Ascona Locarno Run\" \/>\n<meta property=\"article:publisher\" content=\"https:\/\/www.facebook.com\/AsconaLocarnoRun\/\" \/>\n<meta property=\"article:published_time\" content=\"2022-09-27T09:26:57+00:00\" \/>\n<meta property=\"article:modified_time\" content=\"2022-09-27T09:28:38+00:00\" \/>\n<meta property=\"og:image\" content=\"https:\/\/www.ascona-locarno-run.ch\/wp-content\/uploads\/2022\/09\/bike-bar-locarno.jpg\" \/>\n\t<meta property=\"og:image:width\" content=\"799\" \/>\n\t<meta property=\"og:image:height\" content=\"533\" \/>\n\t<meta property=\"og:image:type\" content=\"image\/jpeg\" \/>\n<meta name=\"author\" content=\"milena.marradi\" \/>\n<meta name=\"twitter:card\" content=\"summary_large_image\" \/>\n<meta name=\"twitter:label1\" content=\"\u00c9crit par\" \/>\n\t<meta name=\"twitter:data1\" content=\"milena.marradi\" \/>\n\t<meta name=\"twitter:label2\" content=\"Dur\u00e9e de lecture estim\u00e9e\" \/>\n\t<meta name=\"twitter:data2\" content=\"1 minute\" \/>\n<script type=\"application\/ld+json\" class=\"yoast-schema-graph\">{\"@context\":\"https:\\\/\\\/schema.org\",\"@graph\":[{\"@type\":\"Article\",\"@id\":\"https:\\\/\\\/www.ascona-locarno-run.ch\\\/fr\\\/barre-a-velo\\\/#article\",\"isPartOf\":{\"@id\":\"https:\\\/\\\/www.ascona-locarno-run.ch\\\/fr\\\/barre-a-velo\\\/\"},\"author\":{\"name\":\"milena.marradi\",\"@id\":\"https:\\\/\\\/www.ascona-locarno-run.ch\\\/#\\\/schema\\\/person\\\/efc25e412da67e885c643a5e5391e183\"},\"headline\":\"Barre \u00e0 v\u00e9lo\",\"datePublished\":\"2022-09-27T09:26:57+00:00\",\"dateModified\":\"2022-09-27T09:28:38+00:00\",\"mainEntityOfPage\":{\"@id\":\"https:\\\/\\\/www.ascona-locarno-run.ch\\\/fr\\\/barre-a-velo\\\/\"},\"wordCount\":107,\"commentCount\":0,\"publisher\":{\"@id\":\"https:\\\/\\\/www.ascona-locarno-run.ch\\\/#organization\"},\"image\":{\"@id\":\"https:\\\/\\\/www.ascona-locarno-run.ch\\\/fr\\\/barre-a-velo\\\/#primaryimage\"},\"thumbnailUrl\":\"https:\\\/\\\/www.ascona-locarno-run.ch\\\/wp-content\\\/uploads\\\/2022\\\/09\\\/bike-bar-locarno.jpg\",\"articleSection\":[\"Nouvelles\",\"Home\"],\"inLanguage\":\"fr-FR\",\"potentialAction\":[{\"@type\":\"CommentAction\",\"name\":\"Comment\",\"target\":[\"https:\\\/\\\/www.ascona-locarno-run.ch\\\/fr\\\/barre-a-velo\\\/#respond\"]}]},{\"@type\":\"WebPage\",\"@id\":\"https:\\\/\\\/www.ascona-locarno-run.ch\\\/fr\\\/barre-a-velo\\\/\",\"url\":\"https:\\\/\\\/www.ascona-locarno-run.ch\\\/fr\\\/barre-a-velo\\\/\",\"name\":\"Barre \u00e0 v\u00e9lo - Ascona Locarno Run\",\"isPartOf\":{\"@id\":\"https:\\\/\\\/www.ascona-locarno-run.ch\\\/#website\"},\"primaryImageOfPage\":{\"@id\":\"https:\\\/\\\/www.ascona-locarno-run.ch\\\/fr\\\/barre-a-velo\\\/#primaryimage\"},\"image\":{\"@id\":\"https:\\\/\\\/www.ascona-locarno-run.ch\\\/fr\\\/barre-a-velo\\\/#primaryimage\"},\"thumbnailUrl\":\"https:\\\/\\\/www.ascona-locarno-run.ch\\\/wp-content\\\/uploads\\\/2022\\\/09\\\/bike-bar-locarno.jpg\",\"datePublished\":\"2022-09-27T09:26:57+00:00\",\"dateModified\":\"2022-09-27T09:28:38+00:00\",\"breadcrumb\":{\"@id\":\"https:\\\/\\\/www.ascona-locarno-run.ch\\\/fr\\\/barre-a-velo\\\/#breadcrumb\"},\"inLanguage\":\"fr-FR\",\"potentialAction\":[{\"@type\":\"ReadAction\",\"target\":[\"https:\\\/\\\/www.ascona-locarno-run.ch\\\/fr\\\/barre-a-velo\\\/\"]}]},{\"@type\":\"ImageObject\",\"inLanguage\":\"fr-FR\",\"@id\":\"https:\\\/\\\/www.ascona-locarno-run.ch\\\/fr\\\/barre-a-velo\\\/#primaryimage\",\"url\":\"https:\\\/\\\/www.ascona-locarno-run.ch\\\/wp-content\\\/uploads\\\/2022\\\/09\\\/bike-bar-locarno.jpg\",\"contentUrl\":\"https:\\\/\\\/www.ascona-locarno-run.ch\\\/wp-content\\\/uploads\\\/2022\\\/09\\\/bike-bar-locarno.jpg\",\"width\":799,\"height\":533},{\"@type\":\"BreadcrumbList\",\"@id\":\"https:\\\/\\\/www.ascona-locarno-run.ch\\\/fr\\\/barre-a-velo\\\/#breadcrumb\",\"itemListElement\":[{\"@type\":\"ListItem\",\"position\":1,\"name\":\"Home\",\"item\":\"https:\\\/\\\/www.ascona-locarno-run.ch\\\/fr\\\/\"},{\"@type\":\"ListItem\",\"position\":2,\"name\":\"Barre \u00e0 v\u00e9lo\"}]},{\"@type\":\"WebSite\",\"@id\":\"https:\\\/\\\/www.ascona-locarno-run.ch\\\/#website\",\"url\":\"https:\\\/\\\/www.ascona-locarno-run.ch\\\/\",\"name\":\"Ascona-Locarno Run\",\"description\":\"L\u2019endroit parfait pour votre course !\u00a0\",\"publisher\":{\"@id\":\"https:\\\/\\\/www.ascona-locarno-run.ch\\\/#organization\"},\"potentialAction\":[{\"@type\":\"SearchAction\",\"target\":{\"@type\":\"EntryPoint\",\"urlTemplate\":\"https:\\\/\\\/www.ascona-locarno-run.ch\\\/?s={search_term_string}\"},\"query-input\":{\"@type\":\"PropertyValueSpecification\",\"valueRequired\":true,\"valueName\":\"search_term_string\"}}],\"inLanguage\":\"fr-FR\"},{\"@type\":\"Organization\",\"@id\":\"https:\\\/\\\/www.ascona-locarno-run.ch\\\/#organization\",\"name\":\"Ascona-Locarno Run\",\"url\":\"https:\\\/\\\/www.ascona-locarno-run.ch\\\/\",\"logo\":{\"@type\":\"ImageObject\",\"inLanguage\":\"fr-FR\",\"@id\":\"https:\\\/\\\/www.ascona-locarno-run.ch\\\/#\\\/schema\\\/logo\\\/image\\\/\",\"url\":\"https:\\\/\\\/www.ascona-locarno-run.ch\\\/wp-content\\\/uploads\\\/2024\\\/02\\\/logo-alr-colored.png\",\"contentUrl\":\"https:\\\/\\\/www.ascona-locarno-run.ch\\\/wp-content\\\/uploads\\\/2024\\\/02\\\/logo-alr-colored.png\",\"width\":800,\"height\":368,\"caption\":\"Ascona-Locarno Run\"},\"image\":{\"@id\":\"https:\\\/\\\/www.ascona-locarno-run.ch\\\/#\\\/schema\\\/logo\\\/image\\\/\"},\"sameAs\":[\"https:\\\/\\\/www.facebook.com\\\/AsconaLocarnoRun\\\/\",\"https:\\\/\\\/www.instagram.com\\\/ascona_locarno_run\\\/\"]},{\"@type\":\"Person\",\"@id\":\"https:\\\/\\\/www.ascona-locarno-run.ch\\\/#\\\/schema\\\/person\\\/efc25e412da67e885c643a5e5391e183\",\"name\":\"milena.marradi\",\"image\":{\"@type\":\"ImageObject\",\"inLanguage\":\"fr-FR\",\"@id\":\"https:\\\/\\\/secure.gravatar.com\\\/avatar\\\/c7408484ef5e0aa30e055bf5cb5bdddafc3f99f33648fa24f978808eae7feca2?s=96&d=mm&r=g\",\"url\":\"https:\\\/\\\/secure.gravatar.com\\\/avatar\\\/c7408484ef5e0aa30e055bf5cb5bdddafc3f99f33648fa24f978808eae7feca2?s=96&d=mm&r=g\",\"contentUrl\":\"https:\\\/\\\/secure.gravatar.com\\\/avatar\\\/c7408484ef5e0aa30e055bf5cb5bdddafc3f99f33648fa24f978808eae7feca2?s=96&d=mm&r=g\",\"caption\":\"milena.marradi\"}}]}<\/script>\n<!-- \/ Yoast SEO plugin. -->","yoast_head_json":{"title":"Barre \u00e0 v\u00e9lo - Ascona Locarno Run","robots":{"index":"index","follow":"follow","max-snippet":"max-snippet:-1","max-image-preview":"max-image-preview:large","max-video-preview":"max-video-preview:-1"},"canonical":"https:\/\/www.ascona-locarno-run.ch\/fr\/barre-a-velo\/","og_locale":"fr_FR","og_type":"article","og_title":"Barre \u00e0 v\u00e9lo - Ascona Locarno Run","og_description":"Il existe plusieurs fa\u00e7ons de promouvoir les bonnes pratiques li\u00e9es au d\u00e9veloppement durable. Le D\u00e9partement du Territoire a choisi de participer \u00e0 la Ascona-Locarno Run avec un v\u00e9lo sp\u00e9cial tirant le \u00ab\u00a0water bar\u00a0\u00bb. Les 15 et 16 octobre, la station install\u00e9e sur la Piazza Grande de Locarno sera donc \u00e0 la disposition des athl\u00e8tes et [...]","og_url":"https:\/\/www.ascona-locarno-run.ch\/fr\/barre-a-velo\/","og_site_name":"Ascona Locarno Run","article_publisher":"https:\/\/www.facebook.com\/AsconaLocarnoRun\/","article_published_time":"2022-09-27T09:26:57+00:00","article_modified_time":"2022-09-27T09:28:38+00:00","og_image":[{"width":799,"height":533,"url":"https:\/\/www.ascona-locarno-run.ch\/wp-content\/uploads\/2022\/09\/bike-bar-locarno.jpg","type":"image\/jpeg"}],"author":"milena.marradi","twitter_card":"summary_large_image","twitter_misc":{"\u00c9crit par":"milena.marradi","Dur\u00e9e de lecture estim\u00e9e":"1 minute"},"schema":{"@context":"https:\/\/schema.org","@graph":[{"@type":"Article","@id":"https:\/\/www.ascona-locarno-run.ch\/fr\/barre-a-velo\/#article","isPartOf":{"@id":"https:\/\/www.ascona-locarno-run.ch\/fr\/barre-a-velo\/"},"author":{"name":"milena.marradi","@id":"https:\/\/www.ascona-locarno-run.ch\/#\/schema\/person\/efc25e412da67e885c643a5e5391e183"},"headline":"Barre \u00e0 v\u00e9lo","datePublished":"2022-09-27T09:26:57+00:00","dateModified":"2022-09-27T09:28:38+00:00","mainEntityOfPage":{"@id":"https:\/\/www.ascona-locarno-run.ch\/fr\/barre-a-velo\/"},"wordCount":107,"commentCount":0,"publisher":{"@id":"https:\/\/www.ascona-locarno-run.ch\/#organization"},"image":{"@id":"https:\/\/www.ascona-locarno-run.ch\/fr\/barre-a-velo\/#primaryimage"},"thumbnailUrl":"https:\/\/www.ascona-locarno-run.ch\/wp-content\/uploads\/2022\/09\/bike-bar-locarno.jpg","articleSection":["Nouvelles","Home"],"inLanguage":"fr-FR","potentialAction":[{"@type":"CommentAction","name":"Comment","target":["https:\/\/www.ascona-locarno-run.ch\/fr\/barre-a-velo\/#respond"]}]},{"@type":"WebPage","@id":"https:\/\/www.ascona-locarno-run.ch\/fr\/barre-a-velo\/","url":"https:\/\/www.ascona-locarno-run.ch\/fr\/barre-a-velo\/","name":"Barre \u00e0 v\u00e9lo - Ascona Locarno Run","isPartOf":{"@id":"https:\/\/www.ascona-locarno-run.ch\/#website"},"primaryImageOfPage":{"@id":"https:\/\/www.ascona-locarno-run.ch\/fr\/barre-a-velo\/#primaryimage"},"image":{"@id":"https:\/\/www.ascona-locarno-run.ch\/fr\/barre-a-velo\/#primaryimage"},"thumbnailUrl":"https:\/\/www.ascona-locarno-run.ch\/wp-content\/uploads\/2022\/09\/bike-bar-locarno.jpg","datePublished":"2022-09-27T09:26:57+00:00","dateModified":"2022-09-27T09:28:38+00:00","breadcrumb":{"@id":"https:\/\/www.ascona-locarno-run.ch\/fr\/barre-a-velo\/#breadcrumb"},"inLanguage":"fr-FR","potentialAction":[{"@type":"ReadAction","target":["https:\/\/www.ascona-locarno-run.ch\/fr\/barre-a-velo\/"]}]},{"@type":"ImageObject","inLanguage":"fr-FR","@id":"https:\/\/www.ascona-locarno-run.ch\/fr\/barre-a-velo\/#primaryimage","url":"https:\/\/www.ascona-locarno-run.ch\/wp-content\/uploads\/2022\/09\/bike-bar-locarno.jpg","contentUrl":"https:\/\/www.ascona-locarno-run.ch\/wp-content\/uploads\/2022\/09\/bike-bar-locarno.jpg","width":799,"height":533},{"@type":"BreadcrumbList","@id":"https:\/\/www.ascona-locarno-run.ch\/fr\/barre-a-velo\/#breadcrumb","itemListElement":[{"@type":"ListItem","position":1,"name":"Home","item":"https:\/\/www.ascona-locarno-run.ch\/fr\/"},{"@type":"ListItem","position":2,"name":"Barre \u00e0 v\u00e9lo"}]},{"@type":"WebSite","@id":"https:\/\/www.ascona-locarno-run.ch\/#website","url":"https:\/\/www.ascona-locarno-run.ch\/","name":"Ascona-Locarno Run","description":"L\u2019endroit parfait pour votre course !\u00a0","publisher":{"@id":"https:\/\/www.ascona-locarno-run.ch\/#organization"},"potentialAction":[{"@type":"SearchAction","target":{"@type":"EntryPoint","urlTemplate":"https:\/\/www.ascona-locarno-run.ch\/?s={search_term_string}"},"query-input":{"@type":"PropertyValueSpecification","valueRequired":true,"valueName":"search_term_string"}}],"inLanguage":"fr-FR"},{"@type":"Organization","@id":"https:\/\/www.ascona-locarno-run.ch\/#organization","name":"Ascona-Locarno Run","url":"https:\/\/www.ascona-locarno-run.ch\/","logo":{"@type":"ImageObject","inLanguage":"fr-FR","@id":"https:\/\/www.ascona-locarno-run.ch\/#\/schema\/logo\/image\/","url":"https:\/\/www.ascona-locarno-run.ch\/wp-content\/uploads\/2024\/02\/logo-alr-colored.png","contentUrl":"https:\/\/www.ascona-locarno-run.ch\/wp-content\/uploads\/2024\/02\/logo-alr-colored.png","width":800,"height":368,"caption":"Ascona-Locarno Run"},"image":{"@id":"https:\/\/www.ascona-locarno-run.ch\/#\/schema\/logo\/image\/"},"sameAs":["https:\/\/www.facebook.com\/AsconaLocarnoRun\/","https:\/\/www.instagram.com\/ascona_locarno_run\/"]},{"@type":"Person","@id":"https:\/\/www.ascona-locarno-run.ch\/#\/schema\/person\/efc25e412da67e885c643a5e5391e183","name":"milena.marradi","image":{"@type":"ImageObject","inLanguage":"fr-FR","@id":"https:\/\/secure.gravatar.com\/avatar\/c7408484ef5e0aa30e055bf5cb5bdddafc3f99f33648fa24f978808eae7feca2?s=96&d=mm&r=g","url":"https:\/\/secure.gravatar.com\/avatar\/c7408484ef5e0aa30e055bf5cb5bdddafc3f99f33648fa24f978808eae7feca2?s=96&d=mm&r=g","contentUrl":"https:\/\/secure.gravatar.com\/avatar\/c7408484ef5e0aa30e055bf5cb5bdddafc3f99f33648fa24f978808eae7feca2?s=96&d=mm&r=g","caption":"milena.marradi"}}]}},"_links":{"self":[{"href":"https:\/\/www.ascona-locarno-run.ch\/fr\/wp-json\/wp\/v2\/posts\/24088","targetHints":{"allow":["GET"]}}],"collection":[{"href":"https:\/\/www.ascona-locarno-run.ch\/fr\/wp-json\/wp\/v2\/posts"}],"about":[{"href":"https:\/\/www.ascona-locarno-run.ch\/fr\/wp-json\/wp\/v2\/types\/post"}],"author":[{"embeddable":true,"href":"https:\/\/www.ascona-locarno-run.ch\/fr\/wp-json\/wp\/v2\/users\/8"}],"replies":[{"embeddable":true,"href":"https:\/\/www.ascona-locarno-run.ch\/fr\/wp-json\/wp\/v2\/comments?post=24088"}],"version-history":[{"count":3,"href":"https:\/\/www.ascona-locarno-run.ch\/fr\/wp-json\/wp\/v2\/posts\/24088\/revisions"}],"predecessor-version":[{"id":24096,"href":"https:\/\/www.ascona-locarno-run.ch\/fr\/wp-json\/wp\/v2\/posts\/24088\/revisions\/24096"}],"wp:featuredmedia":[{"embeddable":true,"href":"https:\/\/www.ascona-locarno-run.ch\/fr\/wp-json\/wp\/v2\/media\/24084"}],"wp:attachment":[{"href":"https:\/\/www.ascona-locarno-run.ch\/fr\/wp-json\/wp\/v2\/media?parent=24088"}],"wp:term":[{"taxonomy":"category","embeddable":true,"href":"https:\/\/www.ascona-locarno-run.ch\/fr\/wp-json\/wp\/v2\/categories?post=24088"},{"taxonomy":"post_tag","embeddable":true,"href":"https:\/\/www.ascona-locarno-run.ch\/fr\/wp-json\/wp\/v2\/tags?post=24088"}],"curies":[{"name":"wp","href":"https:\/\/api.w.org\/{rel}","templated":true}]}}