{"id":21029,"date":"2021-05-17T16:39:54","date_gmt":"2021-05-17T14:39:54","guid":{"rendered":"https:\/\/www.ascona-locarno-run.ch\/passione-x-matematica-atletica-silvio-barandun\/"},"modified":"2021-05-17T16:46:23","modified_gmt":"2021-05-17T14:46:23","slug":"passion-x-mathematiques-athletisme-silvio-barandun","status":"publish","type":"post","link":"https:\/\/www.ascona-locarno-run.ch\/fr\/passion-x-mathematiques-athletisme-silvio-barandun\/","title":{"rendered":"Passion x (math\u00e9matiques + athl\u00e9tisme) = Silvio Barandun !"},"content":{"rendered":"<div class=\"fusion-fullwidth fullwidth-box fusion-builder-row-1 nonhundred-percent-fullwidth non-hundred-percent-height-scrolling\" style=\"--awb-border-radius-top-left:0px;--awb-border-radius-top-right:0px;--awb-border-radius-bottom-right:0px;--awb-border-radius-bottom-left:0px;--awb-flex-wrap:wrap;\" ><div class=\"fusion-builder-row fusion-row\"><div class=\"fusion-layout-column fusion_builder_column fusion-builder-column-0 fusion_builder_column_1_1 1_1 fusion-one-full fusion-column-first fusion-column-last\" style=\"--awb-bg-size:cover;--awb-margin-bottom:0px;\"><div class=\"fusion-column-wrapper fusion-flex-column-wrapper-legacy\"><div class=\"fusion-text fusion-text-1\"><p style=\"text-align: center; font-size: 10px;\">\u00a9 foto Garbani<\/p>\n<\/div><div class=\"fusion-text fusion-text-2\"><p>Silvio, 22 ans, \u00e9tudiant en math\u00e9matiques \u00e0 l&rsquo;ETH de Zurich et athl\u00e8te du VIRTUS Locarno.<br \/>\nEntre questions et nombreux rires, nous avons eu le plaisir de mieux conna\u00eetre cet athl\u00e8te !<br \/>\nL&rsquo;entretien t\u00e9l\u00e9phonique a \u00e9t\u00e9 r\u00e9alis\u00e9 en f\u00e9vrier alors qu&rsquo;il \u00e9tait en vacances au Tessin apr\u00e8s la session d&rsquo;examens.<\/p>\n<p>Bonne lecture !<\/p>\n<p><b>Silvio, dis-nous qui es-tu et ce que tu fais dans la vie ?<\/b><\/p>\n<blockquote>\n<p>Je suis un athl\u00e8te et j&rsquo;\u00e9tudie les math\u00e9matiques \u00e0 l&rsquo;ETH de Zurich, o\u00f9 j&rsquo;ai obtenu mon dipl\u00f4me de bachelor et o\u00f9 je suis \u00e9galement en train de suivre mon master. Je devrais terminer mes \u00e9tudes au d\u00e9but de l&rsquo;ann\u00e9e prochaine, il me reste encore un semestre \u00e0 suivre la th\u00e8se qui devrait porter sur la g\u00e9om\u00e9trie symplectique, c&rsquo;est-\u00e0-dire la g\u00e9om\u00e9trie et la physique th\u00e9orique&#8230; beaucoup de choses r\u00e9unies !<\/p>\n<\/blockquote>\n<p><b>Que penses-tu faire apr\u00e8s le Master ?<\/b><\/p>\n<blockquote>\n<p>Bonne question ! L&rsquo;id\u00e9e serait de faire un doctorat, mais je cherche le bon endroit ; j&rsquo;envisage \u00e9galement certains postes dans l&rsquo;industrie.<\/p>\n<\/blockquote>\n<p><b>Prenons un peu de recul, quand as-tu commenc\u00e9 \u00e0 courir ?<\/b><\/p>\n<blockquote>\n<p>J&rsquo;avais 5 ans. Mon fr\u00e8re s&rsquo;entra\u00eenait avec les \u00e9quipes de jeunes de VIRTUS Locarno et quand je l&rsquo;accompagnais \u00e0 l&rsquo;entra\u00eenement, je voulais toujours rester et m&rsquo;\u00e9chauffer avec eux. Ils faisaient une course de 12 minutes et je voulais courir avec eux.<\/p>\n<\/blockquote>\n<p><b>Quelle discipline a fait ton fr\u00e8re ?<\/b><\/p>\n<blockquote>\n<p>Mon fr\u00e8re avait l&rsquo;habitude de lancer (il a \u00e9galement remport\u00e9 le titre tessinois de lancer du disque dans les cat\u00e9gories de jeunes), mais maintenant, en raison de ses \u00e9tudes et d&rsquo;autres engagements, il ne le fait plus en comp\u00e9tition. Il continue \u00e0 courir pour le plaisir.<\/p>\n<\/blockquote>\n<p><b>Quand as-tu commenc\u00e9 l&rsquo;athl\u00e9tisme ?<\/b><\/p>\n<blockquote>\n<p>J&rsquo;ai commenc\u00e9 l&rsquo;athl\u00e9tisme \u00e0 l&rsquo;\u00e9cole primaire, quand j&rsquo;avais sept ans. Au d\u00e9but, j&rsquo;y allais une fois par semaine, puis, en vieillissant, deux fois par semaine. Au lyc\u00e9e, j&rsquo;ai commenc\u00e9 \u00e0 m&rsquo;y mettre plus s\u00e9rieusement et les s\u00e9ances d&rsquo;entra\u00eenement sont progressivement pass\u00e9es \u00e0 7 fois par semaine. Maintenant, je m&rsquo;entra\u00eene environ 5-6 fois par semaine.<\/p>\n<\/blockquote>\n<p><b>Quand as-tu choisi ta discipline ?<\/b><\/p>\n<blockquote>\n<p>Quand j&rsquo;\u00e9tais au coll\u00e8ge, j&rsquo;\u00e9tais polyvalent, je faisais un peu de tout ; puis, en premi\u00e8re ann\u00e9e de lyc\u00e9e, l&rsquo;occasion s&rsquo;est pr\u00e9sent\u00e9e de changer d&rsquo;entra\u00eeneur et de proc\u00e9der de mani\u00e8re plus professionnelle avec des objectifs clairs et plus d&rsquo;entra\u00eenement dans une certaine direction, mais surtout il y avait un bon groupe qui aurait fait cela et je me suis dit : \u00a0\u00bb essayons \u00ab\u00a0. Je m&rsquo;amusais, m\u00eame si l&rsquo;engagement \u00e9tait important, alors j&rsquo;ai d\u00e9cid\u00e9 de continuer.<br \/>\nEt \u00e7a s&rsquo;est plut\u00f4t bien pass\u00e9 (sourires, ndlr).<\/p>\n<\/blockquote>\n<p><b>Dans quelle discipline ?<\/b><\/p>\n<blockquote>\n<p>Je me suis concentr\u00e9 sur le 800 m et le 1500 m, le demi-fond. Pour \u00eatre honn\u00eate, je n&rsquo;\u00e9tais pas tr\u00e8s bon quand j&rsquo;\u00e9tais dans les cat\u00e9gories de jeunes, je m&rsquo;amusais, je travaillais dur, mais les r\u00e9sultats manquaient un peu jusqu&rsquo;\u00e0 ce que je commence \u00e0 m&rsquo;entra\u00eener avec Daniele (Daniele Angelella, n.d.r.) et son p\u00e8re. Avec Stefano Angelella, nous avons trouv\u00e9 l\u2019entrainement qui me convenait le mieux, auquel je r\u00e9agissais le mieux, et puis des r\u00e9sultats plus int\u00e9ressants sont arriv\u00e9s.<\/p>\n<\/blockquote>\n<p><b>As-tu continu\u00e9 dans le 800m ou as-tu chang\u00e9 de discipline ?<\/b><\/p>\n<blockquote>\n<p>En 2016, pour plusieurs raisons, je suis pass\u00e9 au 400 m : tout d&rsquo;abord, Daniele courait dans le 400 m et avait une grande exp\u00e9rience dont on pouvait apprendre beaucoup, et ensuite parce que je voulais m&rsquo;essayer \u00e0 courir plus vite. Quand on est jeune, on peut faire des choses plus rapides, puis, en vieillissant, on devient moins rapide et alors les distances augmentent (rires, n.d.r.) !<\/p>\n<\/blockquote>\n<p><b>Daniele Angelella est donc l&rsquo;exception qui confirme la r\u00e8gle, puisqu&rsquo;il a remport\u00e9 les championnats tessinois absolus \u00e0 29 ans sur 100 m et 200 m ?<\/b><\/p>\n<blockquote>\n<p>Daniele a un tel talent qu&rsquo;il est hors de tout sch\u00e9ma aujourd&rsquo;hui (rires, n.d.r.) !<\/p>\n<\/blockquote>\n<p><b>Et que fais-tu maintenant ?<\/b><\/p>\n<blockquote>\n<p>J&rsquo;ai fait quelques ann\u00e9es sur le 400 m et maintenant je suis de retour sur le 800 m&#8230; Je ne suis plus si jeune (rires) et le rythme d&rsquo;entra\u00eenement est plus compatible avec mes \u00e9tudes.<\/p>\n<\/blockquote>\n<p><b>Tu t\u2019entra\u00eenes toujours avec Stefano pour le 800 m \u00e9galement ?<\/b><\/p>\n<blockquote>\n<p>Stefano ne s&rsquo;entra\u00eene plus. Maintenant, nous sommes un groupe sans entra\u00eeneur ou, pour mieux dire, nous sommes nos propres entra\u00eeneurs : Daniele Angelella, Matteo D&rsquo;Anna (US Ascona) et moi-m\u00eame. D&rsquo;autres athl\u00e8tes rejoignent r\u00e9guli\u00e8rement ce trio.<\/p>\n<\/blockquote>\n<p><b>Comment s&rsquo;est pass\u00e9e l&rsquo;ann\u00e9e 2020 en termes de r\u00e9sultats ?<\/b><\/p>\n<blockquote>\n<p>2020 a \u00e9t\u00e9 surprenant, il n&rsquo;y a pas eu d&rsquo;ambitions particuli\u00e8res \u00e9tant donn\u00e9 la situation de pand\u00e9mie et les restrictions qui en d\u00e9coulent. Pour moi, c&rsquo;\u00e9tait une saison \u00e0 encadrer, mais aussi pour les autres du groupe (Silvio a remport\u00e9 la m\u00e9daille d&rsquo;or dans le 800 m aux Championnats Absolus Ticino 2020, Daniele Angelella a remport\u00e9 la m\u00e9daille d&rsquo;or dans le 100 m et 200 m, Matteo D&rsquo;Anna a remport\u00e9 la m\u00e9daille d&rsquo;argent dans le 200 m, n.d.r.).<\/p>\n<\/blockquote>\n<p><b>L&rsquo;ann\u00e9e 2020 semble avoir \u00e9t\u00e9 une bonne ann\u00e9e pour certains athl\u00e8tes : Ajla Del Ponte a remport\u00e9 le 100 m pendant la saison estivale, Daniele a \u00e9tabli son record personnel au 100 m, mais votre groupe a \u00e9galement obtenu de tr\u00e8s bons r\u00e9sultats. Comment l&rsquo;expliques-tu ?<\/b><\/p>\n<blockquote>\n<p>La situation sanitaire de la premi\u00e8re partie de l&rsquo;ann\u00e9e 2020 et les restrictions qui en d\u00e9coulent, comme l&rsquo;absence de comp\u00e9titions ou l&rsquo;impossibilit\u00e9 de s&rsquo;entra\u00eener comme avant, ont mis plusieurs athl\u00e8tes \u00e0 l&rsquo;\u00e9preuve.<br \/>\nLe secret, \u00e0 mon avis, c&rsquo;est qu&rsquo;il faut regarder au-del\u00e0, un peu plus en avant, il ne faut pas penser : \u00ab\u00a0maintenant je ne peux pas m&rsquo;entra\u00eener, il n&rsquo;y a pas de courses, etc&#8230;.\u00a0\u00bb parce que c&rsquo;est un travail qui doit \u00eatre fait avec continuit\u00e9. M\u00eame s&rsquo;il n&rsquo;y a pas de courses cette ann\u00e9e, vous devez continuer \u00e0 vous entra\u00eener ; si vous ne pouvez pas courir dans le stade, vous devez trouver une alternative. Cependant, le travail effectu\u00e9 reste et les r\u00e9sultats d&rsquo;aujourd&rsquo;hui ne sont pas seulement le fruit du travail des 6 derniers mois mais des 6 derni\u00e8res ann\u00e9es&#8230; si vous regardez Daniele, nous parlons des 15 derni\u00e8res ann\u00e9es (rires, ndlr).<\/p>\n<\/blockquote>\n<p><b>Comment g\u00e9rez-vous votre entra\u00eenement pendant cette p\u00e9riode o\u00f9 il n&rsquo;y a pas de comp\u00e9titions ?<\/b><\/p>\n<blockquote>\n<p>Comme nous l&rsquo;avons fait l&rsquo;ann\u00e9e derni\u00e8re, nous envisageons le long terme. Nous en avons parl\u00e9 entre nous, dans notre groupe, et nous sommes convaincus qu&rsquo;en \u00e9t\u00e9 il y aura des comp\u00e9titions, donc les objectifs restent ceux-l\u00e0 et nous continuons \u00e0 nous entra\u00eener. Pour vous dire la v\u00e9rit\u00e9, nous sommes super motiv\u00e9s parce que l&rsquo;ann\u00e9e derni\u00e8re, nous avons eu beaucoup de probl\u00e8mes avec l&rsquo;infrastructure ferm\u00e9e, mais au final, la saison 2020 a \u00e9t\u00e9 incroyable, donc nous sommes pomp\u00e9s pour la possible saison 2021 aussi ! Pourquoi ne pas reproduire ce qui s&rsquo;est pass\u00e9 en 2020 en termes de r\u00e9sultats ?<\/p>\n<\/blockquote>\n<p><b>Tu nous as dit que vous vous entra\u00eeniez en groupe, mais comment fais-tu puisque tu \u00e9tudies \u00e0 Zurich tandis que Daniele et Matteo sont \u00e0 Locarno ?<\/b><\/p>\n<blockquote>\n<p>Nous continuons \u00e0 faire ce que nous avons fait ces derni\u00e8res ann\u00e9es, pendant la semaine je suis \u00e0 Zurich mais le week-end nous nous rencontrons et nous nous entra\u00eenons. Les cours \u00e0 l&rsquo;\u00e9cole polytechnique cette ann\u00e9e ne sont pas en pr\u00e9sence, donc, de temps en temps, je passerai quelques semaines au Tessin et nous aurons quelques occasions suppl\u00e9mentaires de nous entra\u00eener ensemble pendant la semaine.<\/p>\n<\/blockquote>\n<p><b>Quelles sont les plus grandes difficult\u00e9s que tu as rencontr\u00e9es ?<\/b><\/p>\n<blockquote>\n<p>Quand j&rsquo;\u00e9tais dans le secteur des jeunes, je n&rsquo;excellais pas, je n&rsquo;ai jamais \u00e9t\u00e9 champion du Tessin et je n&rsquo;ai jamais gagn\u00e9 des courses comme la Mille Gruy\u00e8re, j&rsquo;\u00e9tais deuxi\u00e8me. Il y a eu une p\u00e9riode o\u00f9 ma motivation n&rsquo;\u00e9tait pas tr\u00e8s \u00e9lev\u00e9e parce que les r\u00e9sultats n&rsquo;arrivaient pas : la plus grande difficult\u00e9 \u00e9tait de rester motiv\u00e9. Je n&rsquo;ai pas abandonn\u00e9 et c&rsquo;\u00e9tait le bon choix car les r\u00e9sultats sont arriv\u00e9s. Le tournant s&rsquo;est produit lorsque nous avons trouv\u00e9 l\u2019entrainement le plus appropri\u00e9 pour moi. En un mois, nous avons commenc\u00e9 \u00e0 voir certains des r\u00e9sultats que nous visions. Cela signifie que quelque chose existait d\u00e9j\u00e0 auparavant, mais qu&rsquo;il n&rsquo;\u00e9tait pas exprim\u00e9 de la bonne mani\u00e8re.<\/p>\n<\/blockquote>\n<p><b>Lorsque tu as commenc\u00e9 tes \u00e9tudes universitaires, as-tu rencontr\u00e9 des difficult\u00e9s ?<\/b><\/p>\n<blockquote>\n<p>Il a toujours \u00e9t\u00e9 clair pour moi que les \u00e9tudes passeraient en premier, j&rsquo;aime \u00e9tudier et je suis aussi conscient que je n&rsquo;ai pas le talent pour \u00eatre un athl\u00e8te professionnel. \u00c0 un certain moment, il faut \u00eatre r\u00e9aliste et pr\u00e9server son avenir. Je me suis inscrit \u00e0 l&rsquo;ETH Zurich mais comme j&rsquo;aime l&rsquo;athl\u00e9tisme, je me suis dit que je ferais tout pour continuer \u00e0 m&rsquo;entra\u00eener. La premi\u00e8re ann\u00e9e a \u00e9t\u00e9 difficile car j&rsquo;\u00e9tais dans un nouvel endroit, seul, et je devais trouver comment g\u00e9rer et vivre cette nouvelle situation. Avec le temps, je me suis install\u00e9 et maintenant je vais tr\u00e8s bien. C&rsquo;est une question d&rsquo;organisation, je m&rsquo;entra\u00eene presque plus maintenant que lorsque j&rsquo;\u00e9tais au lyc\u00e9e.<\/p>\n<\/blockquote>\n<p>La deuxi\u00e8me partie de l&rsquo;interview sera publi\u00e9e au d\u00e9but du mois de juin.<\/p>\n<\/div><div class=\"fusion-clearfix\"><\/div><\/div><\/div><\/div><\/div>\n","protected":false},"excerpt":{"rendered":"","protected":false},"author":8,"featured_media":21021,"comment_status":"open","ping_status":"open","sticky":false,"template":"","format":"standard","meta":{"footnotes":""},"categories":[212],"tags":[],"class_list":["post-21029","post","type-post","status-publish","format-standard","has-post-thumbnail","hentry","category-home-fr"],"yoast_head":"<!-- This site is optimized with the Yoast SEO plugin v27.5 - https:\/\/yoast.com\/product\/yoast-seo-wordpress\/ -->\n<title>Passion x (math\u00e9matiques + athl\u00e9tisme) = Silvio Barandun ! - Ascona Locarno Run<\/title>\n<meta name=\"robots\" content=\"index, follow, max-snippet:-1, max-image-preview:large, max-video-preview:-1\" \/>\n<link rel=\"canonical\" href=\"https:\/\/www.ascona-locarno-run.ch\/fr\/passion-x-mathematiques-athletisme-silvio-barandun\/\" \/>\n<meta property=\"og:locale\" content=\"fr_FR\" \/>\n<meta property=\"og:type\" content=\"article\" \/>\n<meta property=\"og:title\" content=\"Passion x (math\u00e9matiques + athl\u00e9tisme) = Silvio Barandun ! - Ascona Locarno Run\" \/>\n<meta property=\"og:url\" content=\"https:\/\/www.ascona-locarno-run.ch\/fr\/passion-x-mathematiques-athletisme-silvio-barandun\/\" \/>\n<meta property=\"og:site_name\" content=\"Ascona Locarno Run\" \/>\n<meta property=\"article:publisher\" content=\"https:\/\/www.facebook.com\/AsconaLocarnoRun\/\" \/>\n<meta property=\"article:published_time\" content=\"2021-05-17T14:39:54+00:00\" \/>\n<meta property=\"article:modified_time\" content=\"2021-05-17T14:46:23+00:00\" \/>\n<meta property=\"og:image\" content=\"https:\/\/www.ascona-locarno-run.ch\/wp-content\/uploads\/2021\/05\/Barandun1.jpg\" \/>\n\t<meta property=\"og:image:width\" content=\"799\" \/>\n\t<meta property=\"og:image:height\" content=\"533\" \/>\n\t<meta property=\"og:image:type\" content=\"image\/jpeg\" \/>\n<meta name=\"author\" content=\"milena.marradi\" \/>\n<meta name=\"twitter:card\" content=\"summary_large_image\" \/>\n<meta name=\"twitter:label1\" content=\"\u00c9crit par\" \/>\n\t<meta name=\"twitter:data1\" content=\"milena.marradi\" \/>\n\t<meta name=\"twitter:label2\" content=\"Dur\u00e9e de lecture estim\u00e9e\" \/>\n\t<meta name=\"twitter:data2\" content=\"9 minutes\" \/>\n<script type=\"application\/ld+json\" class=\"yoast-schema-graph\">{\"@context\":\"https:\\\/\\\/schema.org\",\"@graph\":[{\"@type\":\"Article\",\"@id\":\"https:\\\/\\\/www.ascona-locarno-run.ch\\\/fr\\\/passion-x-mathematiques-athletisme-silvio-barandun\\\/#article\",\"isPartOf\":{\"@id\":\"https:\\\/\\\/www.ascona-locarno-run.ch\\\/fr\\\/passion-x-mathematiques-athletisme-silvio-barandun\\\/\"},\"author\":{\"name\":\"milena.marradi\",\"@id\":\"https:\\\/\\\/www.ascona-locarno-run.ch\\\/#\\\/schema\\\/person\\\/efc25e412da67e885c643a5e5391e183\"},\"headline\":\"Passion x (math\u00e9matiques + athl\u00e9tisme) = Silvio Barandun !\",\"datePublished\":\"2021-05-17T14:39:54+00:00\",\"dateModified\":\"2021-05-17T14:46:23+00:00\",\"mainEntityOfPage\":{\"@id\":\"https:\\\/\\\/www.ascona-locarno-run.ch\\\/fr\\\/passion-x-mathematiques-athletisme-silvio-barandun\\\/\"},\"wordCount\":1923,\"commentCount\":0,\"publisher\":{\"@id\":\"https:\\\/\\\/www.ascona-locarno-run.ch\\\/#organization\"},\"image\":{\"@id\":\"https:\\\/\\\/www.ascona-locarno-run.ch\\\/fr\\\/passion-x-mathematiques-athletisme-silvio-barandun\\\/#primaryimage\"},\"thumbnailUrl\":\"https:\\\/\\\/www.ascona-locarno-run.ch\\\/wp-content\\\/uploads\\\/2021\\\/05\\\/Barandun1.jpg\",\"articleSection\":[\"Home\"],\"inLanguage\":\"fr-FR\",\"potentialAction\":[{\"@type\":\"CommentAction\",\"name\":\"Comment\",\"target\":[\"https:\\\/\\\/www.ascona-locarno-run.ch\\\/fr\\\/passion-x-mathematiques-athletisme-silvio-barandun\\\/#respond\"]}]},{\"@type\":\"WebPage\",\"@id\":\"https:\\\/\\\/www.ascona-locarno-run.ch\\\/fr\\\/passion-x-mathematiques-athletisme-silvio-barandun\\\/\",\"url\":\"https:\\\/\\\/www.ascona-locarno-run.ch\\\/fr\\\/passion-x-mathematiques-athletisme-silvio-barandun\\\/\",\"name\":\"Passion x (math\u00e9matiques + athl\u00e9tisme) = Silvio Barandun ! - Ascona Locarno Run\",\"isPartOf\":{\"@id\":\"https:\\\/\\\/www.ascona-locarno-run.ch\\\/#website\"},\"primaryImageOfPage\":{\"@id\":\"https:\\\/\\\/www.ascona-locarno-run.ch\\\/fr\\\/passion-x-mathematiques-athletisme-silvio-barandun\\\/#primaryimage\"},\"image\":{\"@id\":\"https:\\\/\\\/www.ascona-locarno-run.ch\\\/fr\\\/passion-x-mathematiques-athletisme-silvio-barandun\\\/#primaryimage\"},\"thumbnailUrl\":\"https:\\\/\\\/www.ascona-locarno-run.ch\\\/wp-content\\\/uploads\\\/2021\\\/05\\\/Barandun1.jpg\",\"datePublished\":\"2021-05-17T14:39:54+00:00\",\"dateModified\":\"2021-05-17T14:46:23+00:00\",\"breadcrumb\":{\"@id\":\"https:\\\/\\\/www.ascona-locarno-run.ch\\\/fr\\\/passion-x-mathematiques-athletisme-silvio-barandun\\\/#breadcrumb\"},\"inLanguage\":\"fr-FR\",\"potentialAction\":[{\"@type\":\"ReadAction\",\"target\":[\"https:\\\/\\\/www.ascona-locarno-run.ch\\\/fr\\\/passion-x-mathematiques-athletisme-silvio-barandun\\\/\"]}]},{\"@type\":\"ImageObject\",\"inLanguage\":\"fr-FR\",\"@id\":\"https:\\\/\\\/www.ascona-locarno-run.ch\\\/fr\\\/passion-x-mathematiques-athletisme-silvio-barandun\\\/#primaryimage\",\"url\":\"https:\\\/\\\/www.ascona-locarno-run.ch\\\/wp-content\\\/uploads\\\/2021\\\/05\\\/Barandun1.jpg\",\"contentUrl\":\"https:\\\/\\\/www.ascona-locarno-run.ch\\\/wp-content\\\/uploads\\\/2021\\\/05\\\/Barandun1.jpg\",\"width\":799,\"height\":533},{\"@type\":\"BreadcrumbList\",\"@id\":\"https:\\\/\\\/www.ascona-locarno-run.ch\\\/fr\\\/passion-x-mathematiques-athletisme-silvio-barandun\\\/#breadcrumb\",\"itemListElement\":[{\"@type\":\"ListItem\",\"position\":1,\"name\":\"Home\",\"item\":\"https:\\\/\\\/www.ascona-locarno-run.ch\\\/fr\\\/\"},{\"@type\":\"ListItem\",\"position\":2,\"name\":\"Passion x (math\u00e9matiques + athl\u00e9tisme) = Silvio Barandun !\"}]},{\"@type\":\"WebSite\",\"@id\":\"https:\\\/\\\/www.ascona-locarno-run.ch\\\/#website\",\"url\":\"https:\\\/\\\/www.ascona-locarno-run.ch\\\/\",\"name\":\"Ascona-Locarno Run\",\"description\":\"L\u2019endroit parfait pour votre course !\u00a0\",\"publisher\":{\"@id\":\"https:\\\/\\\/www.ascona-locarno-run.ch\\\/#organization\"},\"potentialAction\":[{\"@type\":\"SearchAction\",\"target\":{\"@type\":\"EntryPoint\",\"urlTemplate\":\"https:\\\/\\\/www.ascona-locarno-run.ch\\\/?s={search_term_string}\"},\"query-input\":{\"@type\":\"PropertyValueSpecification\",\"valueRequired\":true,\"valueName\":\"search_term_string\"}}],\"inLanguage\":\"fr-FR\"},{\"@type\":\"Organization\",\"@id\":\"https:\\\/\\\/www.ascona-locarno-run.ch\\\/#organization\",\"name\":\"Ascona-Locarno Run\",\"url\":\"https:\\\/\\\/www.ascona-locarno-run.ch\\\/\",\"logo\":{\"@type\":\"ImageObject\",\"inLanguage\":\"fr-FR\",\"@id\":\"https:\\\/\\\/www.ascona-locarno-run.ch\\\/#\\\/schema\\\/logo\\\/image\\\/\",\"url\":\"https:\\\/\\\/www.ascona-locarno-run.ch\\\/wp-content\\\/uploads\\\/2024\\\/02\\\/logo-alr-colored.png\",\"contentUrl\":\"https:\\\/\\\/www.ascona-locarno-run.ch\\\/wp-content\\\/uploads\\\/2024\\\/02\\\/logo-alr-colored.png\",\"width\":800,\"height\":368,\"caption\":\"Ascona-Locarno Run\"},\"image\":{\"@id\":\"https:\\\/\\\/www.ascona-locarno-run.ch\\\/#\\\/schema\\\/logo\\\/image\\\/\"},\"sameAs\":[\"https:\\\/\\\/www.facebook.com\\\/AsconaLocarnoRun\\\/\",\"https:\\\/\\\/www.instagram.com\\\/ascona_locarno_run\\\/\"]},{\"@type\":\"Person\",\"@id\":\"https:\\\/\\\/www.ascona-locarno-run.ch\\\/#\\\/schema\\\/person\\\/efc25e412da67e885c643a5e5391e183\",\"name\":\"milena.marradi\",\"image\":{\"@type\":\"ImageObject\",\"inLanguage\":\"fr-FR\",\"@id\":\"https:\\\/\\\/secure.gravatar.com\\\/avatar\\\/c7408484ef5e0aa30e055bf5cb5bdddafc3f99f33648fa24f978808eae7feca2?s=96&d=mm&r=g\",\"url\":\"https:\\\/\\\/secure.gravatar.com\\\/avatar\\\/c7408484ef5e0aa30e055bf5cb5bdddafc3f99f33648fa24f978808eae7feca2?s=96&d=mm&r=g\",\"contentUrl\":\"https:\\\/\\\/secure.gravatar.com\\\/avatar\\\/c7408484ef5e0aa30e055bf5cb5bdddafc3f99f33648fa24f978808eae7feca2?s=96&d=mm&r=g\",\"caption\":\"milena.marradi\"}}]}<\/script>\n<!-- \/ Yoast SEO plugin. -->","yoast_head_json":{"title":"Passion x (math\u00e9matiques + athl\u00e9tisme) = Silvio Barandun ! - Ascona Locarno Run","robots":{"index":"index","follow":"follow","max-snippet":"max-snippet:-1","max-image-preview":"max-image-preview:large","max-video-preview":"max-video-preview:-1"},"canonical":"https:\/\/www.ascona-locarno-run.ch\/fr\/passion-x-mathematiques-athletisme-silvio-barandun\/","og_locale":"fr_FR","og_type":"article","og_title":"Passion x (math\u00e9matiques + athl\u00e9tisme) = Silvio Barandun ! - Ascona Locarno Run","og_url":"https:\/\/www.ascona-locarno-run.ch\/fr\/passion-x-mathematiques-athletisme-silvio-barandun\/","og_site_name":"Ascona Locarno Run","article_publisher":"https:\/\/www.facebook.com\/AsconaLocarnoRun\/","article_published_time":"2021-05-17T14:39:54+00:00","article_modified_time":"2021-05-17T14:46:23+00:00","og_image":[{"width":799,"height":533,"url":"https:\/\/www.ascona-locarno-run.ch\/wp-content\/uploads\/2021\/05\/Barandun1.jpg","type":"image\/jpeg"}],"author":"milena.marradi","twitter_card":"summary_large_image","twitter_misc":{"\u00c9crit par":"milena.marradi","Dur\u00e9e de lecture estim\u00e9e":"9 minutes"},"schema":{"@context":"https:\/\/schema.org","@graph":[{"@type":"Article","@id":"https:\/\/www.ascona-locarno-run.ch\/fr\/passion-x-mathematiques-athletisme-silvio-barandun\/#article","isPartOf":{"@id":"https:\/\/www.ascona-locarno-run.ch\/fr\/passion-x-mathematiques-athletisme-silvio-barandun\/"},"author":{"name":"milena.marradi","@id":"https:\/\/www.ascona-locarno-run.ch\/#\/schema\/person\/efc25e412da67e885c643a5e5391e183"},"headline":"Passion x (math\u00e9matiques + athl\u00e9tisme) = Silvio Barandun !","datePublished":"2021-05-17T14:39:54+00:00","dateModified":"2021-05-17T14:46:23+00:00","mainEntityOfPage":{"@id":"https:\/\/www.ascona-locarno-run.ch\/fr\/passion-x-mathematiques-athletisme-silvio-barandun\/"},"wordCount":1923,"commentCount":0,"publisher":{"@id":"https:\/\/www.ascona-locarno-run.ch\/#organization"},"image":{"@id":"https:\/\/www.ascona-locarno-run.ch\/fr\/passion-x-mathematiques-athletisme-silvio-barandun\/#primaryimage"},"thumbnailUrl":"https:\/\/www.ascona-locarno-run.ch\/wp-content\/uploads\/2021\/05\/Barandun1.jpg","articleSection":["Home"],"inLanguage":"fr-FR","potentialAction":[{"@type":"CommentAction","name":"Comment","target":["https:\/\/www.ascona-locarno-run.ch\/fr\/passion-x-mathematiques-athletisme-silvio-barandun\/#respond"]}]},{"@type":"WebPage","@id":"https:\/\/www.ascona-locarno-run.ch\/fr\/passion-x-mathematiques-athletisme-silvio-barandun\/","url":"https:\/\/www.ascona-locarno-run.ch\/fr\/passion-x-mathematiques-athletisme-silvio-barandun\/","name":"Passion x (math\u00e9matiques + athl\u00e9tisme) = Silvio Barandun ! - Ascona Locarno Run","isPartOf":{"@id":"https:\/\/www.ascona-locarno-run.ch\/#website"},"primaryImageOfPage":{"@id":"https:\/\/www.ascona-locarno-run.ch\/fr\/passion-x-mathematiques-athletisme-silvio-barandun\/#primaryimage"},"image":{"@id":"https:\/\/www.ascona-locarno-run.ch\/fr\/passion-x-mathematiques-athletisme-silvio-barandun\/#primaryimage"},"thumbnailUrl":"https:\/\/www.ascona-locarno-run.ch\/wp-content\/uploads\/2021\/05\/Barandun1.jpg","datePublished":"2021-05-17T14:39:54+00:00","dateModified":"2021-05-17T14:46:23+00:00","breadcrumb":{"@id":"https:\/\/www.ascona-locarno-run.ch\/fr\/passion-x-mathematiques-athletisme-silvio-barandun\/#breadcrumb"},"inLanguage":"fr-FR","potentialAction":[{"@type":"ReadAction","target":["https:\/\/www.ascona-locarno-run.ch\/fr\/passion-x-mathematiques-athletisme-silvio-barandun\/"]}]},{"@type":"ImageObject","inLanguage":"fr-FR","@id":"https:\/\/www.ascona-locarno-run.ch\/fr\/passion-x-mathematiques-athletisme-silvio-barandun\/#primaryimage","url":"https:\/\/www.ascona-locarno-run.ch\/wp-content\/uploads\/2021\/05\/Barandun1.jpg","contentUrl":"https:\/\/www.ascona-locarno-run.ch\/wp-content\/uploads\/2021\/05\/Barandun1.jpg","width":799,"height":533},{"@type":"BreadcrumbList","@id":"https:\/\/www.ascona-locarno-run.ch\/fr\/passion-x-mathematiques-athletisme-silvio-barandun\/#breadcrumb","itemListElement":[{"@type":"ListItem","position":1,"name":"Home","item":"https:\/\/www.ascona-locarno-run.ch\/fr\/"},{"@type":"ListItem","position":2,"name":"Passion x (math\u00e9matiques + athl\u00e9tisme) = Silvio Barandun !"}]},{"@type":"WebSite","@id":"https:\/\/www.ascona-locarno-run.ch\/#website","url":"https:\/\/www.ascona-locarno-run.ch\/","name":"Ascona-Locarno Run","description":"L\u2019endroit parfait pour votre course !\u00a0","publisher":{"@id":"https:\/\/www.ascona-locarno-run.ch\/#organization"},"potentialAction":[{"@type":"SearchAction","target":{"@type":"EntryPoint","urlTemplate":"https:\/\/www.ascona-locarno-run.ch\/?s={search_term_string}"},"query-input":{"@type":"PropertyValueSpecification","valueRequired":true,"valueName":"search_term_string"}}],"inLanguage":"fr-FR"},{"@type":"Organization","@id":"https:\/\/www.ascona-locarno-run.ch\/#organization","name":"Ascona-Locarno Run","url":"https:\/\/www.ascona-locarno-run.ch\/","logo":{"@type":"ImageObject","inLanguage":"fr-FR","@id":"https:\/\/www.ascona-locarno-run.ch\/#\/schema\/logo\/image\/","url":"https:\/\/www.ascona-locarno-run.ch\/wp-content\/uploads\/2024\/02\/logo-alr-colored.png","contentUrl":"https:\/\/www.ascona-locarno-run.ch\/wp-content\/uploads\/2024\/02\/logo-alr-colored.png","width":800,"height":368,"caption":"Ascona-Locarno Run"},"image":{"@id":"https:\/\/www.ascona-locarno-run.ch\/#\/schema\/logo\/image\/"},"sameAs":["https:\/\/www.facebook.com\/AsconaLocarnoRun\/","https:\/\/www.instagram.com\/ascona_locarno_run\/"]},{"@type":"Person","@id":"https:\/\/www.ascona-locarno-run.ch\/#\/schema\/person\/efc25e412da67e885c643a5e5391e183","name":"milena.marradi","image":{"@type":"ImageObject","inLanguage":"fr-FR","@id":"https:\/\/secure.gravatar.com\/avatar\/c7408484ef5e0aa30e055bf5cb5bdddafc3f99f33648fa24f978808eae7feca2?s=96&d=mm&r=g","url":"https:\/\/secure.gravatar.com\/avatar\/c7408484ef5e0aa30e055bf5cb5bdddafc3f99f33648fa24f978808eae7feca2?s=96&d=mm&r=g","contentUrl":"https:\/\/secure.gravatar.com\/avatar\/c7408484ef5e0aa30e055bf5cb5bdddafc3f99f33648fa24f978808eae7feca2?s=96&d=mm&r=g","caption":"milena.marradi"}}]}},"_links":{"self":[{"href":"https:\/\/www.ascona-locarno-run.ch\/fr\/wp-json\/wp\/v2\/posts\/21029","targetHints":{"allow":["GET"]}}],"collection":[{"href":"https:\/\/www.ascona-locarno-run.ch\/fr\/wp-json\/wp\/v2\/posts"}],"about":[{"href":"https:\/\/www.ascona-locarno-run.ch\/fr\/wp-json\/wp\/v2\/types\/post"}],"author":[{"embeddable":true,"href":"https:\/\/www.ascona-locarno-run.ch\/fr\/wp-json\/wp\/v2\/users\/8"}],"replies":[{"embeddable":true,"href":"https:\/\/www.ascona-locarno-run.ch\/fr\/wp-json\/wp\/v2\/comments?post=21029"}],"version-history":[{"count":3,"href":"https:\/\/www.ascona-locarno-run.ch\/fr\/wp-json\/wp\/v2\/posts\/21029\/revisions"}],"predecessor-version":[{"id":21040,"href":"https:\/\/www.ascona-locarno-run.ch\/fr\/wp-json\/wp\/v2\/posts\/21029\/revisions\/21040"}],"wp:featuredmedia":[{"embeddable":true,"href":"https:\/\/www.ascona-locarno-run.ch\/fr\/wp-json\/wp\/v2\/media\/21021"}],"wp:attachment":[{"href":"https:\/\/www.ascona-locarno-run.ch\/fr\/wp-json\/wp\/v2\/media?parent=21029"}],"wp:term":[{"taxonomy":"category","embeddable":true,"href":"https:\/\/www.ascona-locarno-run.ch\/fr\/wp-json\/wp\/v2\/categories?post=21029"},{"taxonomy":"post_tag","embeddable":true,"href":"https:\/\/www.ascona-locarno-run.ch\/fr\/wp-json\/wp\/v2\/tags?post=21029"}],"curies":[{"name":"wp","href":"https:\/\/api.w.org\/{rel}","templated":true}]}}