{"id":20618,"date":"2021-03-12T11:39:46","date_gmt":"2021-03-12T10:39:46","guid":{"rendered":"https:\/\/www.ascona-locarno-run.ch\/daniele-angelella-un-medico-che-corre-velocissimo-parte-2\/"},"modified":"2021-03-26T19:26:56","modified_gmt":"2021-03-26T18:26:56","slug":"daniele-angelella-un-medecin-qui-court-tres-vite-partie-2","status":"publish","type":"post","link":"https:\/\/www.ascona-locarno-run.ch\/fr\/daniele-angelella-un-medecin-qui-court-tres-vite-partie-2\/","title":{"rendered":"Daniele Angelella : un m\u00e9decin qui court tr\u00e8s vite ! (partie 2)"},"content":{"rendered":"<p style=\"text-align: center; font-size: 10px;\">Photo courtesy of D. Angelella &#8211; \u00a9 Ti-Press \/ A.Crinari<\/p>\n<p>N&rsquo;abandonne jamais !<\/p>\n<p>Championnats tessinois 2020.<\/p>\n<div>Le jour de l\u2019orage, de la trombe d\u2019eau, le jour o\u00f9 tout semblait aller mal, mais aussi le jour de son record sur le 100 m \u00e0 29 ans et de la m\u00e9daille d\u2019or sur le 100 m.<\/div>\n<p>Ne manquez pas les conseils aux coureurs de la course Ascona-Locarno, d&rsquo;autres suivront dans la troisi\u00e8me partie !<\/p>\n<p>Bonne lecture.<\/p>\n<p><b>Quelles ont \u00e9t\u00e9 tes meilleures performances sportives ?<\/b><\/p>\n<blockquote><p>Je vais en citer quelques-unes que j&rsquo;appr\u00e9cie particuli\u00e8rement.<br \/>\nMa premi\u00e8re exp\u00e9rience internationale a eu lieu lors des championnats d&rsquo;Europe des moins de 20 ans en Serbie en 2009 sur le 400 m. C&rsquo;\u00e9tait un peu un tremplin pour moi car je me suis rendu compte que je pouvais \u00eatre comp\u00e9titif au niveau international.<br \/>\nParmi mes meilleures performances, citons les championnats d&rsquo;Europe de Zurich en 2014 avec le relais 4&#215;400 m. Cette course est mon objectif depuis que j&rsquo;ai commenc\u00e9 la comp\u00e9tition. Pouvoir y participer apr\u00e8s avoir poursuivi cet objectif pendant 6\/7 ans, c&rsquo;\u00e9tait merveilleux.<br \/>\nEn tant que sportif d&rsquo;\u00e9lite de l&rsquo;\u00e9cole de recrues, j&rsquo;ai \u00e9galement pu participer aux Jeux Mondiaux Militaires de 2015 en Cor\u00e9e du Sud dans le relais 400 m et 4&#215;400 m, ce qui a \u00e9t\u00e9 une exp\u00e9rience merveilleuse.<br \/>\nC&rsquo;\u00e9tait magnifique, c&rsquo;est un \u00e9v\u00e9nement sportif avec les m\u00eames disciplines qu\u2019aux Jeux olympiques mais r\u00e9serv\u00e9es aux athl\u00e8tes militaires du monde entier.<br \/>\nEn 2017, j&rsquo;ai particip\u00e9 \u00e0 la Diamond League \u00e0 Lausanne sur le 400 m B en 46\u00a0\u00bb88. \u00c0 cette occasion, j&rsquo;ai fait de mon mieux, ce qui m&rsquo;a permis de \u00ab\u00a0gagner le billet\u00a0\u00bb pour l&rsquo;Universiade de Taipei et les Jeux de la Francophonie en C\u00f4te d&rsquo;Ivoire, \u00e9galement en 2017.<br \/>\nA cela s&rsquo;ajoutent le 400 m des Championnats suisses d&rsquo;athl\u00e9tisme \u00e0 Zurich en 2017 (m\u00e9daille de bronze dans une finale palpitante avec un 46\u00a0\u00bb98, ndlr.) et le 100 m des Championnats tessinois de Bellinzona en 2020 avec un 10\u00a0\u00bb72, mon record personnel (et celui de VIRTUS Locarno social, ndlr.).<br \/>\n2017 a \u00e9t\u00e9 l&rsquo;ann\u00e9e de mes records les plus importants et de mon habilitation en tant que m\u00e9decin. 2020 est l\u2019ann\u00e9e de mon record personnel sur le 100 m \u00e0 presque 30 ans, c\u2019\u00e9tait tr\u00e8s excitant.<br \/>\nJ&rsquo;ai particip\u00e9 \u00e0 d&rsquo;autres championnats et ligues de diamant, mais ceux-ci sont les plus importants de ma carri\u00e8re de coureur.<\/p><\/blockquote>\n<p><b>Y a-t-il des souvenirs particuliers que tu aimerais partager avec nous ?<\/b><\/p>\n<blockquote><p>2014, l&rsquo;ann\u00e9e o\u00f9 mon r\u00eave d&rsquo;enfant s&rsquo;est r\u00e9alis\u00e9.<br \/>\nLa participation aux Jeux Mondiaux Militaires de 2015 que j&rsquo;ai mentionn\u00e9s plus t\u00f4t, a certainement \u00e9t\u00e9 une tr\u00e8s belle exp\u00e9rience dans un pays \u00ab\u00a0exotique\u00a0\u00bb.<br \/>\nUne autre exp\u00e9rience inoubliable a \u00e9t\u00e9 le Gala d&rsquo;or \u00e0 Rome en 2012 avec le relais 4&#215;400 m o\u00f9 j&rsquo;ai vu pour la premi\u00e8re fois Usain Bolt en direct. C&rsquo;\u00e9tait excitant de s&rsquo;\u00e9chauffer dans le m\u00eame champ d&rsquo;\u00e9chauffement !<\/p><\/blockquote>\n<p><b>Tu as vu Usain Bolt ! Est-ce ton idole ?<\/b><\/p>\n<blockquote><p>Usain Bolt est d\u00e9finitivement une de mes idoles.<\/p><\/blockquote>\n<p><b>Mais est-il TON idole ?<\/b><\/p>\n<blockquote><p>Usain Bolt est mon idole, mais MON idole est l&rsquo;ancien athl\u00e8te am\u00e9ricain Jeremy Wariner, le sp\u00e9cialiste du 400 m.<\/p><\/blockquote>\n<p><b>Y a-t-il des anecdotes que tu aimerais partager avec nous ?<\/b><\/p>\n<blockquote><p>Une anecdote ? Vainqueur des championnats tessinois \u00e0 Bellinzona le 29 ao\u00fbt 2020 (l&rsquo;or au 100 m le 29 ao\u00fbt et au 200 m le 30 ao\u00fbt, ndlr).<br \/>\nJ&rsquo;y ai \u00e9tabli mon record personnel sur le 100 m mais cela a \u00e9t\u00e9 une vraie aventure ! Le jour de la course, qui devait avoir lieu dans l&rsquo;apr\u00e8s-midi, il y a eu une trombe d\u2019eau dans la r\u00e9gion de Locarno (vous vous en souvenez ? ndlr.). Le matin, comme je venais de rentrer de Zoug, je suis all\u00e9 prendre un caf\u00e9 avec un ami \u00e0 Minusio. Je suis parti pour rentrer chez moi \u00e0 Quartino, mais \u00e0 ce moment pr\u00e9cis, toutes les routes \u00e9taient inond\u00e9es et j&rsquo;\u00e9tais compl\u00e8tement bloqu\u00e9 sur la T21 entre Minusio et Riazzino. Je commen\u00e7ais donc \u00e0 penser que je prendrais un d\u00e9jeuner plus l\u00e9ger que d&rsquo;habitude, la course \u00e9tant \u00e0 15 heures, mais que je rentrerais quand m\u00eame chez moi. Apr\u00e8s une heure, j&rsquo;\u00e9tais toujours au m\u00eame endroit, il \u00e9tait midi, et le temps de la course commen\u00e7ait \u00e0 se rapprocher de plus en plus. A un certain moment, les voitures se sont mises \u00e0 bouger, certaines personnes passaient m\u00eame dans les champs. \u00c0 ce moment-l\u00e0, j&rsquo;ai d\u00e9cid\u00e9 de ne pas aller vers Quartino mais de tourner vers Riazzino o\u00f9 il y a un arr\u00eat de train. Je me suis gar\u00e9 et j&rsquo;ai pris le premier train qui est pass\u00e9. Je suis arriv\u00e9 \u00e0 Bellinzona 45 minutes avant la course, sans mes chaussures \u00e0 crampons ni mes v\u00eatements de sport. Il faisait un froid glacial, je portais un short et un T-shirt, pas de veste. De la gare de Bellinzona, j&rsquo;ai march\u00e9 jusqu&rsquo;au stade. Heureusement, un de mes partenaires d&rsquo;entra\u00eenement \u00e9tait l\u00e0 et il m&rsquo;a apport\u00e9 les v\u00eatements de sa s\u0153ur et de son p\u00e8re, alors je me suis habill\u00e9 avec ce que j&rsquo;avais de disponible. J&rsquo;\u00e9tais toujours sans mes chaussures \u00e0 crampons. J&rsquo;ai commenc\u00e9 \u00e0 m&rsquo;\u00e9chauffer de toute fa\u00e7on. Heureusement, deux minutes avant la course, un ami s\u2019est pr\u00e9sent\u00e9 avec mes chaussures \u00e0 crampons. J&rsquo;ai r\u00e9ussi \u00e0 courir avec mes propres chaussures, m\u00eame si je portais les d\u00e9bardeurs et les shorts des autres, ce qui m&rsquo;a permis de me qualifier pour la finale. Toute cette situation stressante m\u2019a donn\u00e9 une forte migraine. Avec cette qualification r\u00e9ussie dans cette situation particuli\u00e8re, ensuite la tr\u00e8s forte migraine qui ne m&rsquo;\u00e9tait jamais arriv\u00e9e lors d&rsquo;une course, je ne savais pas quoi faire, la finale allait avoir lieu au bout d&rsquo;une heure. En plus de la migraine, le d\u00e9luge a recommenc\u00e9. Je me suis dit \u00ab\u00a0non, tout ne peut pas aller si mal alors que je gagne les 100 m du championnat Tessinois depuis 2 ans\u00a0\u00bb. J\u2019ai donc commenc\u00e9 sous la pluie battante avec cette forte migraine et j&rsquo;ai finalement \u00e9tabli mon record personnel. Ce r\u00e9sultat a \u00e9t\u00e9 vraiment surprenant. La journ\u00e9e m&rsquo;a sembl\u00e9 vraiment difficile : de ne pas savoir si je pourrais arriver \u00e0 temps aux courses, puis les v\u00eatements, les chaussures, la migraine avant la finale et enfin la pluie battante&#8230; m\u00eame au sprint s&rsquo;il pleut \u00e0 verse, il n&rsquo;y a pas les meilleures conditions pour \u00e9tablir un record. Ce qui s&rsquo;est pass\u00e9 me fait prendre conscience que m\u00eame si les conditions sont difficiles, nous ne devons pas abandonner et les r\u00e9sultats peuvent venir !<\/p><\/blockquote>\n<p><b>Quels sont tes prochains objectifs ?<\/b><\/p>\n<blockquote><p>Continuer \u00e0 faire de l&rsquo;athl\u00e9tisme comme je le fais maintenant, c&rsquo;est-\u00e0-dire pour le plaisir, et me concentrer sur le 100m et le 200m, en m&rsquo;entra\u00eenant avec mon groupe actuel avec lequel nous nous prenons beaucoup de plaisir. J&rsquo;aimerais continuer \u00e0 \u00eatre aussi comp\u00e9titif qu&rsquo;en 2020 et viser des m\u00e9dailles aux championnats suisses.<\/p><\/blockquote>\n<p><b>Comment concilier travail, \u00e9tudes et sport ?<\/b><\/p>\n<blockquote><p>Il faut beaucoup d&rsquo;organisation et il faut structurer les moments de la journ\u00e9e. Les moments d\u00e9di\u00e9s \u00e0 l&rsquo;\u00e9tude sont consacr\u00e9s \u00e0 l&rsquo;\u00e9tude et non \u00e0 autre chose comme la \u00ab\u00a0chat\u00a0\u00bb sur les r\u00e9seaux sociaux. Vous devez \u00eatre tr\u00e8s efficace dans ce que vous faites : quand je m&rsquo;entra\u00eene, je m&rsquo;entra\u00eene et je ne fais rien d&rsquo;autre et quand j&rsquo;\u00e9tudie, j&rsquo;\u00e9tudie et je ne fais rien d&rsquo;autre. Rester concentr\u00e9 sur ce que vous faites-vous permet d&rsquo;optimiser le temps que vous passez \u00e0 \u00e9tudier ou \u00e0 vous former.<\/p><\/blockquote>\n<p><b>Un conseil que vous souhaitez donner \u00e0 un coureur ?<\/b><\/p>\n<blockquote><p>Courir pour le plaisir et en suivant un planning, sans que ce soit une obsession. Si vous voulez participer \u00e0 une course, je vous conseille de planifier votre entra\u00eenement en fonction de la course. Ce doit \u00eatre un plaisir, et quand ce n&rsquo;est plus un plaisir, il vaut mieux y renoncer ou en r\u00e9duire l&rsquo;intensit\u00e9 et la quantit\u00e9. L&rsquo;important, c&rsquo;est de planifier. Par exemple, si un coureur veut courir en 4&rsquo;30\u00a0\u00bb par km, il est important qu&rsquo;il se fixe cet objectif et qu&rsquo;il adapte son entra\u00eenement en cons\u00e9quence. Tr\u00e8s souvent, une personne se fixe l&rsquo;objectif de courir 4&rsquo;30\u00a0\u00bb par km mais ne fixe pas d&rsquo;objectifs interm\u00e9diaires, de dates, d&rsquo;\u00e9ch\u00e9ances. Il pourrait donc arriver qu&rsquo;il quitte la maison pour courir 4&rsquo;30\u00a0\u00bb au km, qu&rsquo;il le fasse 5 fois par semaine et qu&rsquo;il se blesse t\u00f4t ou tard. Se fixer un objectif vous permet de le faire : 1) trouver une motivation, 2) faire un planning, 3) diff\u00e9rencier l\u2019entrainement. Cela vous permet de vous pr\u00e9parer \u00e0 la course \u00e0 laquelle vous voulez participer en courant \u00e0 4&rsquo;30\u00a0\u00bb par km.<\/p><\/blockquote>\n<p><b>Qu&rsquo;est-ce que la course \u00e0 pied signifie pour toi ?<\/b><\/p>\n<blockquote><p>Pour moi, cela signifie un \u00e9quilibre : un \u00e9quilibre entre la vie priv\u00e9e, le travail et la comp\u00e9tition. C&rsquo;est une soupape d&rsquo;\u00e9chappement, mais c&rsquo;est aussi ma vie sociale dans le sens o\u00f9 j&rsquo;ai rencontr\u00e9 mes amis les plus proches en grande partie gr\u00e2ce \u00e0 l&rsquo;athl\u00e9tisme (pas tous, \u00e9videmment j&rsquo;ai aussi beaucoup d&rsquo;amis \u00ab\u00a0ext\u00e9rieurs\u00a0\u00bb).<br \/>\nC&rsquo;est un sport sain. Un bel exemple\u00a0: J&rsquo;avais l&rsquo;habitude de sortir le soir avec des athl\u00e8tes d&rsquo;autres clubs, m\u00eame des adversaires. Ce qui est formidable, c&rsquo;est que m\u00eame si ce n&rsquo;est pas un sport d&rsquo;\u00e9quipe typique, vous cr\u00e9ez des liens et de la coh\u00e9sion. M\u00eame si sur la piste, chacun se bat pour soi, \u00e0 l&rsquo;ext\u00e9rieur, on cr\u00e9e un groupe parce qu&rsquo;on partage une passion, des valeurs, des int\u00e9r\u00eats. Il y a du respect pour ce que fait un autre athl\u00e8te et l\u2019on parvient \u00e0 d\u00e9passer la comp\u00e9tition et \u00e0 cr\u00e9er des amiti\u00e9s tr\u00e8s fortes. Il y a de la concurrence sur la piste mais pas en dehors.<\/p><\/blockquote>\n<p><b>Qui devez-vous remercier ?<\/b><\/p>\n<blockquote><p>Tout d&rsquo;abord, ma famille, parce qu&rsquo;elle m&rsquo;a permis de faire ce que j&rsquo;ai fait. Ils m&rsquo;ont toujours soutenu tant \u00e9motionnellement que financi\u00e8rement. Faire du sport \u00e0 ce niveau ne vous permet pas de travailler, d&rsquo;\u00e9tudier et de vous entra\u00eener en m\u00eame temps. Quand j&rsquo;\u00e9tudiais, je m&rsquo;entra\u00eenais 6 fois par semaine, il n&rsquo;aurait pas \u00e9t\u00e9 possible de travailler. Ils m&rsquo;ont donc aid\u00e9 financi\u00e8rement \u00e0 supporter mes d\u00e9penses pendant que j&rsquo;\u00e9tudiais loin de chez moi. Un merci tout particulier \u00e0 mon p\u00e8re qui a \u00e9t\u00e9 un p\u00e8re, un entra\u00eeneur et un supporter ! Il m&rsquo;a toujours soutenu dans mes choix et m&rsquo;a \u00e9galement aid\u00e9 \u00e0 prendre des d\u00e9cisions. Je tiens \u00e9galement \u00e0 remercier mes partenaires d\u2019entrainement, avec lesquels j&rsquo;ai partag\u00e9 non seulement l\u2019entrainement et les r\u00e9sultats, mais qui ont \u00e9galement \u00e9t\u00e9 une source de motivation. Enfin, mes amis et le club VIRTUS Locarno qui m&rsquo;ont toujours soutenu sur plusieurs fronts.<\/p><\/blockquote>\n<p>&nbsp;<\/p>\n<p>La troisi\u00e8me partie de l&rsquo;interview sera publi\u00e9e \u00e0 la fin du mois de mars.<\/p>\n","protected":false},"excerpt":{"rendered":"<p>Photo courtesy of D. Angelella &#8211; \u00a9 Ti-Press \/ A.Crinari N&rsquo;abandonne jamais ! Championnats tessinois 2020. Le jour de l\u2019orage, de la trombe d\u2019eau, le jour o\u00f9 tout semblait aller mal, mais aussi le jour de son record sur le 100 m \u00e0 29 ans et de la m\u00e9daille d\u2019or sur le 100 m. Ne  [&#8230;]<\/p>\n","protected":false},"author":8,"featured_media":20614,"comment_status":"open","ping_status":"open","sticky":false,"template":"","format":"standard","meta":{"footnotes":""},"categories":[212],"tags":[],"class_list":["post-20618","post","type-post","status-publish","format-standard","has-post-thumbnail","hentry","category-home-fr"],"yoast_head":"<!-- This site is optimized with the Yoast SEO plugin v27.5 - https:\/\/yoast.com\/product\/yoast-seo-wordpress\/ -->\n<title>Daniele Angelella : un m\u00e9decin qui court tr\u00e8s vite ! (partie 2) - Ascona Locarno Run<\/title>\n<meta name=\"robots\" content=\"index, follow, max-snippet:-1, max-image-preview:large, max-video-preview:-1\" \/>\n<link rel=\"canonical\" href=\"https:\/\/www.ascona-locarno-run.ch\/fr\/daniele-angelella-un-medecin-qui-court-tres-vite-partie-2\/\" \/>\n<meta property=\"og:locale\" content=\"fr_FR\" \/>\n<meta property=\"og:type\" content=\"article\" \/>\n<meta property=\"og:title\" content=\"Daniele Angelella : un m\u00e9decin qui court tr\u00e8s vite ! (partie 2) - Ascona Locarno Run\" \/>\n<meta property=\"og:description\" content=\"Photo courtesy of D. Angelella &#8211; \u00a9 Ti-Press \/ A.Crinari N&rsquo;abandonne jamais ! Championnats tessinois 2020. Le jour de l\u2019orage, de la trombe d\u2019eau, le jour o\u00f9 tout semblait aller mal, mais aussi le jour de son record sur le 100 m \u00e0 29 ans et de la m\u00e9daille d\u2019or sur le 100 m. Ne [...]\" \/>\n<meta property=\"og:url\" content=\"https:\/\/www.ascona-locarno-run.ch\/fr\/daniele-angelella-un-medecin-qui-court-tres-vite-partie-2\/\" \/>\n<meta property=\"og:site_name\" content=\"Ascona Locarno Run\" \/>\n<meta property=\"article:publisher\" content=\"https:\/\/www.facebook.com\/AsconaLocarnoRun\/\" \/>\n<meta property=\"article:published_time\" content=\"2021-03-12T10:39:46+00:00\" \/>\n<meta property=\"article:modified_time\" content=\"2021-03-26T18:26:56+00:00\" \/>\n<meta property=\"og:image\" content=\"https:\/\/www.ascona-locarno-run.ch\/wp-content\/uploads\/2021\/03\/angelella-12-03-2021-2.jpg\" \/>\n\t<meta property=\"og:image:width\" content=\"800\" \/>\n\t<meta property=\"og:image:height\" content=\"533\" \/>\n\t<meta property=\"og:image:type\" content=\"image\/jpeg\" \/>\n<meta name=\"author\" content=\"milena.marradi\" \/>\n<meta name=\"twitter:card\" content=\"summary_large_image\" \/>\n<meta name=\"twitter:label1\" content=\"\u00c9crit par\" \/>\n\t<meta name=\"twitter:data1\" content=\"milena.marradi\" \/>\n\t<meta name=\"twitter:label2\" content=\"Dur\u00e9e de lecture estim\u00e9e\" \/>\n\t<meta name=\"twitter:data2\" content=\"9 minutes\" \/>\n<script type=\"application\/ld+json\" class=\"yoast-schema-graph\">{\"@context\":\"https:\\\/\\\/schema.org\",\"@graph\":[{\"@type\":\"Article\",\"@id\":\"https:\\\/\\\/www.ascona-locarno-run.ch\\\/fr\\\/daniele-angelella-un-medecin-qui-court-tres-vite-partie-2\\\/#article\",\"isPartOf\":{\"@id\":\"https:\\\/\\\/www.ascona-locarno-run.ch\\\/fr\\\/daniele-angelella-un-medecin-qui-court-tres-vite-partie-2\\\/\"},\"author\":{\"name\":\"milena.marradi\",\"@id\":\"https:\\\/\\\/www.ascona-locarno-run.ch\\\/#\\\/schema\\\/person\\\/efc25e412da67e885c643a5e5391e183\"},\"headline\":\"Daniele Angelella : un m\u00e9decin qui court tr\u00e8s vite ! (partie 2)\",\"datePublished\":\"2021-03-12T10:39:46+00:00\",\"dateModified\":\"2021-03-26T18:26:56+00:00\",\"mainEntityOfPage\":{\"@id\":\"https:\\\/\\\/www.ascona-locarno-run.ch\\\/fr\\\/daniele-angelella-un-medecin-qui-court-tres-vite-partie-2\\\/\"},\"wordCount\":1905,\"commentCount\":0,\"publisher\":{\"@id\":\"https:\\\/\\\/www.ascona-locarno-run.ch\\\/#organization\"},\"image\":{\"@id\":\"https:\\\/\\\/www.ascona-locarno-run.ch\\\/fr\\\/daniele-angelella-un-medecin-qui-court-tres-vite-partie-2\\\/#primaryimage\"},\"thumbnailUrl\":\"https:\\\/\\\/www.ascona-locarno-run.ch\\\/wp-content\\\/uploads\\\/2021\\\/03\\\/angelella-12-03-2021-2.jpg\",\"articleSection\":[\"Home\"],\"inLanguage\":\"fr-FR\",\"potentialAction\":[{\"@type\":\"CommentAction\",\"name\":\"Comment\",\"target\":[\"https:\\\/\\\/www.ascona-locarno-run.ch\\\/fr\\\/daniele-angelella-un-medecin-qui-court-tres-vite-partie-2\\\/#respond\"]}]},{\"@type\":\"WebPage\",\"@id\":\"https:\\\/\\\/www.ascona-locarno-run.ch\\\/fr\\\/daniele-angelella-un-medecin-qui-court-tres-vite-partie-2\\\/\",\"url\":\"https:\\\/\\\/www.ascona-locarno-run.ch\\\/fr\\\/daniele-angelella-un-medecin-qui-court-tres-vite-partie-2\\\/\",\"name\":\"Daniele Angelella : un m\u00e9decin qui court tr\u00e8s vite ! (partie 2) - Ascona Locarno Run\",\"isPartOf\":{\"@id\":\"https:\\\/\\\/www.ascona-locarno-run.ch\\\/#website\"},\"primaryImageOfPage\":{\"@id\":\"https:\\\/\\\/www.ascona-locarno-run.ch\\\/fr\\\/daniele-angelella-un-medecin-qui-court-tres-vite-partie-2\\\/#primaryimage\"},\"image\":{\"@id\":\"https:\\\/\\\/www.ascona-locarno-run.ch\\\/fr\\\/daniele-angelella-un-medecin-qui-court-tres-vite-partie-2\\\/#primaryimage\"},\"thumbnailUrl\":\"https:\\\/\\\/www.ascona-locarno-run.ch\\\/wp-content\\\/uploads\\\/2021\\\/03\\\/angelella-12-03-2021-2.jpg\",\"datePublished\":\"2021-03-12T10:39:46+00:00\",\"dateModified\":\"2021-03-26T18:26:56+00:00\",\"breadcrumb\":{\"@id\":\"https:\\\/\\\/www.ascona-locarno-run.ch\\\/fr\\\/daniele-angelella-un-medecin-qui-court-tres-vite-partie-2\\\/#breadcrumb\"},\"inLanguage\":\"fr-FR\",\"potentialAction\":[{\"@type\":\"ReadAction\",\"target\":[\"https:\\\/\\\/www.ascona-locarno-run.ch\\\/fr\\\/daniele-angelella-un-medecin-qui-court-tres-vite-partie-2\\\/\"]}]},{\"@type\":\"ImageObject\",\"inLanguage\":\"fr-FR\",\"@id\":\"https:\\\/\\\/www.ascona-locarno-run.ch\\\/fr\\\/daniele-angelella-un-medecin-qui-court-tres-vite-partie-2\\\/#primaryimage\",\"url\":\"https:\\\/\\\/www.ascona-locarno-run.ch\\\/wp-content\\\/uploads\\\/2021\\\/03\\\/angelella-12-03-2021-2.jpg\",\"contentUrl\":\"https:\\\/\\\/www.ascona-locarno-run.ch\\\/wp-content\\\/uploads\\\/2021\\\/03\\\/angelella-12-03-2021-2.jpg\",\"width\":800,\"height\":533},{\"@type\":\"BreadcrumbList\",\"@id\":\"https:\\\/\\\/www.ascona-locarno-run.ch\\\/fr\\\/daniele-angelella-un-medecin-qui-court-tres-vite-partie-2\\\/#breadcrumb\",\"itemListElement\":[{\"@type\":\"ListItem\",\"position\":1,\"name\":\"Home\",\"item\":\"https:\\\/\\\/www.ascona-locarno-run.ch\\\/fr\\\/\"},{\"@type\":\"ListItem\",\"position\":2,\"name\":\"Daniele Angelella : un m\u00e9decin qui court tr\u00e8s vite ! (partie 2)\"}]},{\"@type\":\"WebSite\",\"@id\":\"https:\\\/\\\/www.ascona-locarno-run.ch\\\/#website\",\"url\":\"https:\\\/\\\/www.ascona-locarno-run.ch\\\/\",\"name\":\"Ascona-Locarno Run\",\"description\":\"L\u2019endroit parfait pour votre course !\u00a0\",\"publisher\":{\"@id\":\"https:\\\/\\\/www.ascona-locarno-run.ch\\\/#organization\"},\"potentialAction\":[{\"@type\":\"SearchAction\",\"target\":{\"@type\":\"EntryPoint\",\"urlTemplate\":\"https:\\\/\\\/www.ascona-locarno-run.ch\\\/?s={search_term_string}\"},\"query-input\":{\"@type\":\"PropertyValueSpecification\",\"valueRequired\":true,\"valueName\":\"search_term_string\"}}],\"inLanguage\":\"fr-FR\"},{\"@type\":\"Organization\",\"@id\":\"https:\\\/\\\/www.ascona-locarno-run.ch\\\/#organization\",\"name\":\"Ascona-Locarno Run\",\"url\":\"https:\\\/\\\/www.ascona-locarno-run.ch\\\/\",\"logo\":{\"@type\":\"ImageObject\",\"inLanguage\":\"fr-FR\",\"@id\":\"https:\\\/\\\/www.ascona-locarno-run.ch\\\/#\\\/schema\\\/logo\\\/image\\\/\",\"url\":\"https:\\\/\\\/www.ascona-locarno-run.ch\\\/wp-content\\\/uploads\\\/2024\\\/02\\\/logo-alr-colored.png\",\"contentUrl\":\"https:\\\/\\\/www.ascona-locarno-run.ch\\\/wp-content\\\/uploads\\\/2024\\\/02\\\/logo-alr-colored.png\",\"width\":800,\"height\":368,\"caption\":\"Ascona-Locarno Run\"},\"image\":{\"@id\":\"https:\\\/\\\/www.ascona-locarno-run.ch\\\/#\\\/schema\\\/logo\\\/image\\\/\"},\"sameAs\":[\"https:\\\/\\\/www.facebook.com\\\/AsconaLocarnoRun\\\/\",\"https:\\\/\\\/www.instagram.com\\\/ascona_locarno_run\\\/\"]},{\"@type\":\"Person\",\"@id\":\"https:\\\/\\\/www.ascona-locarno-run.ch\\\/#\\\/schema\\\/person\\\/efc25e412da67e885c643a5e5391e183\",\"name\":\"milena.marradi\",\"image\":{\"@type\":\"ImageObject\",\"inLanguage\":\"fr-FR\",\"@id\":\"https:\\\/\\\/secure.gravatar.com\\\/avatar\\\/c7408484ef5e0aa30e055bf5cb5bdddafc3f99f33648fa24f978808eae7feca2?s=96&d=mm&r=g\",\"url\":\"https:\\\/\\\/secure.gravatar.com\\\/avatar\\\/c7408484ef5e0aa30e055bf5cb5bdddafc3f99f33648fa24f978808eae7feca2?s=96&d=mm&r=g\",\"contentUrl\":\"https:\\\/\\\/secure.gravatar.com\\\/avatar\\\/c7408484ef5e0aa30e055bf5cb5bdddafc3f99f33648fa24f978808eae7feca2?s=96&d=mm&r=g\",\"caption\":\"milena.marradi\"}}]}<\/script>\n<!-- \/ Yoast SEO plugin. -->","yoast_head_json":{"title":"Daniele Angelella : un m\u00e9decin qui court tr\u00e8s vite ! (partie 2) - Ascona Locarno Run","robots":{"index":"index","follow":"follow","max-snippet":"max-snippet:-1","max-image-preview":"max-image-preview:large","max-video-preview":"max-video-preview:-1"},"canonical":"https:\/\/www.ascona-locarno-run.ch\/fr\/daniele-angelella-un-medecin-qui-court-tres-vite-partie-2\/","og_locale":"fr_FR","og_type":"article","og_title":"Daniele Angelella : un m\u00e9decin qui court tr\u00e8s vite ! (partie 2) - Ascona Locarno Run","og_description":"Photo courtesy of D. Angelella &#8211; \u00a9 Ti-Press \/ A.Crinari N&rsquo;abandonne jamais ! Championnats tessinois 2020. Le jour de l\u2019orage, de la trombe d\u2019eau, le jour o\u00f9 tout semblait aller mal, mais aussi le jour de son record sur le 100 m \u00e0 29 ans et de la m\u00e9daille d\u2019or sur le 100 m. Ne [...]","og_url":"https:\/\/www.ascona-locarno-run.ch\/fr\/daniele-angelella-un-medecin-qui-court-tres-vite-partie-2\/","og_site_name":"Ascona Locarno Run","article_publisher":"https:\/\/www.facebook.com\/AsconaLocarnoRun\/","article_published_time":"2021-03-12T10:39:46+00:00","article_modified_time":"2021-03-26T18:26:56+00:00","og_image":[{"width":800,"height":533,"url":"https:\/\/www.ascona-locarno-run.ch\/wp-content\/uploads\/2021\/03\/angelella-12-03-2021-2.jpg","type":"image\/jpeg"}],"author":"milena.marradi","twitter_card":"summary_large_image","twitter_misc":{"\u00c9crit par":"milena.marradi","Dur\u00e9e de lecture estim\u00e9e":"9 minutes"},"schema":{"@context":"https:\/\/schema.org","@graph":[{"@type":"Article","@id":"https:\/\/www.ascona-locarno-run.ch\/fr\/daniele-angelella-un-medecin-qui-court-tres-vite-partie-2\/#article","isPartOf":{"@id":"https:\/\/www.ascona-locarno-run.ch\/fr\/daniele-angelella-un-medecin-qui-court-tres-vite-partie-2\/"},"author":{"name":"milena.marradi","@id":"https:\/\/www.ascona-locarno-run.ch\/#\/schema\/person\/efc25e412da67e885c643a5e5391e183"},"headline":"Daniele Angelella : un m\u00e9decin qui court tr\u00e8s vite ! (partie 2)","datePublished":"2021-03-12T10:39:46+00:00","dateModified":"2021-03-26T18:26:56+00:00","mainEntityOfPage":{"@id":"https:\/\/www.ascona-locarno-run.ch\/fr\/daniele-angelella-un-medecin-qui-court-tres-vite-partie-2\/"},"wordCount":1905,"commentCount":0,"publisher":{"@id":"https:\/\/www.ascona-locarno-run.ch\/#organization"},"image":{"@id":"https:\/\/www.ascona-locarno-run.ch\/fr\/daniele-angelella-un-medecin-qui-court-tres-vite-partie-2\/#primaryimage"},"thumbnailUrl":"https:\/\/www.ascona-locarno-run.ch\/wp-content\/uploads\/2021\/03\/angelella-12-03-2021-2.jpg","articleSection":["Home"],"inLanguage":"fr-FR","potentialAction":[{"@type":"CommentAction","name":"Comment","target":["https:\/\/www.ascona-locarno-run.ch\/fr\/daniele-angelella-un-medecin-qui-court-tres-vite-partie-2\/#respond"]}]},{"@type":"WebPage","@id":"https:\/\/www.ascona-locarno-run.ch\/fr\/daniele-angelella-un-medecin-qui-court-tres-vite-partie-2\/","url":"https:\/\/www.ascona-locarno-run.ch\/fr\/daniele-angelella-un-medecin-qui-court-tres-vite-partie-2\/","name":"Daniele Angelella : un m\u00e9decin qui court tr\u00e8s vite ! (partie 2) - Ascona Locarno Run","isPartOf":{"@id":"https:\/\/www.ascona-locarno-run.ch\/#website"},"primaryImageOfPage":{"@id":"https:\/\/www.ascona-locarno-run.ch\/fr\/daniele-angelella-un-medecin-qui-court-tres-vite-partie-2\/#primaryimage"},"image":{"@id":"https:\/\/www.ascona-locarno-run.ch\/fr\/daniele-angelella-un-medecin-qui-court-tres-vite-partie-2\/#primaryimage"},"thumbnailUrl":"https:\/\/www.ascona-locarno-run.ch\/wp-content\/uploads\/2021\/03\/angelella-12-03-2021-2.jpg","datePublished":"2021-03-12T10:39:46+00:00","dateModified":"2021-03-26T18:26:56+00:00","breadcrumb":{"@id":"https:\/\/www.ascona-locarno-run.ch\/fr\/daniele-angelella-un-medecin-qui-court-tres-vite-partie-2\/#breadcrumb"},"inLanguage":"fr-FR","potentialAction":[{"@type":"ReadAction","target":["https:\/\/www.ascona-locarno-run.ch\/fr\/daniele-angelella-un-medecin-qui-court-tres-vite-partie-2\/"]}]},{"@type":"ImageObject","inLanguage":"fr-FR","@id":"https:\/\/www.ascona-locarno-run.ch\/fr\/daniele-angelella-un-medecin-qui-court-tres-vite-partie-2\/#primaryimage","url":"https:\/\/www.ascona-locarno-run.ch\/wp-content\/uploads\/2021\/03\/angelella-12-03-2021-2.jpg","contentUrl":"https:\/\/www.ascona-locarno-run.ch\/wp-content\/uploads\/2021\/03\/angelella-12-03-2021-2.jpg","width":800,"height":533},{"@type":"BreadcrumbList","@id":"https:\/\/www.ascona-locarno-run.ch\/fr\/daniele-angelella-un-medecin-qui-court-tres-vite-partie-2\/#breadcrumb","itemListElement":[{"@type":"ListItem","position":1,"name":"Home","item":"https:\/\/www.ascona-locarno-run.ch\/fr\/"},{"@type":"ListItem","position":2,"name":"Daniele Angelella : un m\u00e9decin qui court tr\u00e8s vite ! (partie 2)"}]},{"@type":"WebSite","@id":"https:\/\/www.ascona-locarno-run.ch\/#website","url":"https:\/\/www.ascona-locarno-run.ch\/","name":"Ascona-Locarno Run","description":"L\u2019endroit parfait pour votre course !\u00a0","publisher":{"@id":"https:\/\/www.ascona-locarno-run.ch\/#organization"},"potentialAction":[{"@type":"SearchAction","target":{"@type":"EntryPoint","urlTemplate":"https:\/\/www.ascona-locarno-run.ch\/?s={search_term_string}"},"query-input":{"@type":"PropertyValueSpecification","valueRequired":true,"valueName":"search_term_string"}}],"inLanguage":"fr-FR"},{"@type":"Organization","@id":"https:\/\/www.ascona-locarno-run.ch\/#organization","name":"Ascona-Locarno Run","url":"https:\/\/www.ascona-locarno-run.ch\/","logo":{"@type":"ImageObject","inLanguage":"fr-FR","@id":"https:\/\/www.ascona-locarno-run.ch\/#\/schema\/logo\/image\/","url":"https:\/\/www.ascona-locarno-run.ch\/wp-content\/uploads\/2024\/02\/logo-alr-colored.png","contentUrl":"https:\/\/www.ascona-locarno-run.ch\/wp-content\/uploads\/2024\/02\/logo-alr-colored.png","width":800,"height":368,"caption":"Ascona-Locarno Run"},"image":{"@id":"https:\/\/www.ascona-locarno-run.ch\/#\/schema\/logo\/image\/"},"sameAs":["https:\/\/www.facebook.com\/AsconaLocarnoRun\/","https:\/\/www.instagram.com\/ascona_locarno_run\/"]},{"@type":"Person","@id":"https:\/\/www.ascona-locarno-run.ch\/#\/schema\/person\/efc25e412da67e885c643a5e5391e183","name":"milena.marradi","image":{"@type":"ImageObject","inLanguage":"fr-FR","@id":"https:\/\/secure.gravatar.com\/avatar\/c7408484ef5e0aa30e055bf5cb5bdddafc3f99f33648fa24f978808eae7feca2?s=96&d=mm&r=g","url":"https:\/\/secure.gravatar.com\/avatar\/c7408484ef5e0aa30e055bf5cb5bdddafc3f99f33648fa24f978808eae7feca2?s=96&d=mm&r=g","contentUrl":"https:\/\/secure.gravatar.com\/avatar\/c7408484ef5e0aa30e055bf5cb5bdddafc3f99f33648fa24f978808eae7feca2?s=96&d=mm&r=g","caption":"milena.marradi"}}]}},"_links":{"self":[{"href":"https:\/\/www.ascona-locarno-run.ch\/fr\/wp-json\/wp\/v2\/posts\/20618","targetHints":{"allow":["GET"]}}],"collection":[{"href":"https:\/\/www.ascona-locarno-run.ch\/fr\/wp-json\/wp\/v2\/posts"}],"about":[{"href":"https:\/\/www.ascona-locarno-run.ch\/fr\/wp-json\/wp\/v2\/types\/post"}],"author":[{"embeddable":true,"href":"https:\/\/www.ascona-locarno-run.ch\/fr\/wp-json\/wp\/v2\/users\/8"}],"replies":[{"embeddable":true,"href":"https:\/\/www.ascona-locarno-run.ch\/fr\/wp-json\/wp\/v2\/comments?post=20618"}],"version-history":[{"count":6,"href":"https:\/\/www.ascona-locarno-run.ch\/fr\/wp-json\/wp\/v2\/posts\/20618\/revisions"}],"predecessor-version":[{"id":20716,"href":"https:\/\/www.ascona-locarno-run.ch\/fr\/wp-json\/wp\/v2\/posts\/20618\/revisions\/20716"}],"wp:featuredmedia":[{"embeddable":true,"href":"https:\/\/www.ascona-locarno-run.ch\/fr\/wp-json\/wp\/v2\/media\/20614"}],"wp:attachment":[{"href":"https:\/\/www.ascona-locarno-run.ch\/fr\/wp-json\/wp\/v2\/media?parent=20618"}],"wp:term":[{"taxonomy":"category","embeddable":true,"href":"https:\/\/www.ascona-locarno-run.ch\/fr\/wp-json\/wp\/v2\/categories?post=20618"},{"taxonomy":"post_tag","embeddable":true,"href":"https:\/\/www.ascona-locarno-run.ch\/fr\/wp-json\/wp\/v2\/tags?post=20618"}],"curies":[{"name":"wp","href":"https:\/\/api.w.org\/{rel}","templated":true}]}}