{"id":20409,"date":"2021-02-03T10:45:24","date_gmt":"2021-02-03T09:45:24","guid":{"rendered":"https:\/\/www.ascona-locarno-run.ch\/soccorso-cresta-966-km-in-19-giorni-parte-2\/"},"modified":"2021-02-03T17:46:15","modified_gmt":"2021-02-03T16:46:15","slug":"soccorso-cresta-966-km-en-19-jours-partie-2","status":"publish","type":"post","link":"https:\/\/www.ascona-locarno-run.ch\/fr\/soccorso-cresta-966-km-en-19-jours-partie-2\/","title":{"rendered":"Soccorso Cresta: 966 km en 19 jours ! (partie 2)"},"content":{"rendered":"<div class=\"fusion-fullwidth fullwidth-box fusion-builder-row-1 nonhundred-percent-fullwidth non-hundred-percent-height-scrolling\" style=\"--awb-border-radius-top-left:0px;--awb-border-radius-top-right:0px;--awb-border-radius-bottom-right:0px;--awb-border-radius-bottom-left:0px;--awb-flex-wrap:wrap;\" ><div class=\"fusion-builder-row fusion-row\"><div class=\"fusion-layout-column fusion_builder_column fusion-builder-column-0 fusion_builder_column_1_1 1_1 fusion-one-full fusion-column-first fusion-column-last\" style=\"--awb-bg-size:cover;--awb-margin-bottom:0px;\"><div class=\"fusion-column-wrapper fusion-flex-column-wrapper-legacy\"><div class=\"fusion-text fusion-text-1\"><p style=\"text-align: center; font-size: 12px;\">\u00a9 Simona Cresta<\/p>\n<\/div><div class=\"fusion-text fusion-text-2\"><p>Vous souvenez-vous de l&rsquo;exploit de Soccorso Cresta ? 966 km en 19 jours, quelle aventure !<br \/>\nPlus ils se rapprochaient de Castelfranci, plus l&rsquo;excitation grandissait&#8230;<br \/>\nComment cette entreprise s&rsquo;est-elle termin\u00e9e et que s&rsquo;est-il pass\u00e9 \u00e0 l&rsquo;arriv\u00e9e ?<br \/>\nQuel sera le prochain engagement de Soccorso ?<\/p>\n<p>Bonne lecture !<\/p>\n<p><strong>Y a-t-il une anecdote ou un souvenir particulier que tu aimerais partager avec nous \u00e0 propos de cette aventure ?<br \/>\n<\/strong><\/p>\n<blockquote>\n<p>Il y a certainement beaucoup de choses \u00e0 retenir, les belles soir\u00e9es \/ d\u00eeners pass\u00e9s avec Giuseppe, Pier Paolo et Maurizio, et les innombrables rencontres sur le chemin o\u00f9 nous ne sommes pas pass\u00e9s inaper\u00e7us puisque Gabriele sur sa moto avait les drapeaux de la Suisse \/ de l&rsquo;Italie \/ de Lugano \/ de Castelfranci, et en plus sur mon sac \u00e0 dos il y avait le drapeau d&rsquo;Avellino (\u00e9quipe de football dont Soccorso est un grand fan, ndlr). Les questions les plus fr\u00e9quentes \u00e9taient : \u00ab\u00a0D&rsquo;o\u00f9 venez-vous?\u00a0\u00bb et \u00ab\u00a0O\u00f9 allez-vous?\u00a0\u00bb, auxquelles Gabriele r\u00e9pondait : \u00ab\u00a0Nous venons de Lugano et nous allons \u00e0 Castelfranci (AV)\u00a0\u00bb &#8211; \u00ab\u00a0Mais o\u00f9 est l&rsquo;autre v\u00e9lo ? \u00ab\u00a0Mon p\u00e8re marche!\u00a0\u00bb. Incr\u00e9dule, il a r\u00e9pondu : \u00ab\u00a0Vous \u00eates p\u00e8re et fils, mais QUELLE BELLE HISTOIRE ! Cette phrase, \u00ab\u00a0mais quelle belle histoire\u00a0\u00bb, nous a accompagn\u00e9s et nous a donn\u00e9 de l\u2019\u00e9nergie tout au long du chemin &#8230;<br \/>\nDans la dix-huiti\u00e8me \u00e9tape, la plus longue (66,7 km), je voulais faire un petit d\u00e9tour par Pietrelcina, le lieu de naissance de Padre Pio. Ici, j&rsquo;ai \u00e9t\u00e9 rejoint par un ami coureur de la Valteline, Fabrizio Frate, qui m&rsquo;a accompagn\u00e9 pendant plus de 30 km. Apr\u00e8s avoir visit\u00e9 la maison de Padre Pio, nous sommes partis pour Venticano o\u00f9 nous sommes entr\u00e9s dans la province et, en voyant le premier panneau avec le signe \u00ab\u00a0Avellino\u00a0\u00bb, j&rsquo;ai eu le sentiment d&rsquo;avoir presque r\u00e9ussi. \u00c0 Venticano, mon ami Saverio Addonizio, pr\u00e9sident de l&rsquo;Avellino Club Venticano, et certains membres du club nous ont accueillis et nous ont divertis avec un d\u00eener typiquement irpinien. La surprise de la soir\u00e9e a \u00e9t\u00e9 l&rsquo;arriv\u00e9e de ma cousine Lisa et de ma fille Simona qui ne m&rsquo;avait pas dit jusque-l\u00e0 qu&rsquo;elle pourrait \u00eatre pr\u00e9sente.<br \/>\nDe plus, toujours \u00e0 l&rsquo;avant-derni\u00e8re \u00e9tape, dans une vid\u00e9o publi\u00e9e sur notre page Facebook, j&rsquo;ai mentionn\u00e9 le bar \u00e0 p\u00e2tisserie de mon ami Peppino de Castelfranci o\u00f9 je l&rsquo;ai invit\u00e9 \u00e0 me laisser trouver du bab\u00e0 et de la sfogliatella. A ma grande surprise, en arrivant sur la place, j&rsquo;ai trouv\u00e9 une table avec des p\u00e2tisseries et du Prosecco !<br \/>\nCes 966 km ont \u00e9t\u00e9 une exp\u00e9rience merveilleuse, parmi de nombreux amis qui m&rsquo;ont accompagn\u00e9 dans certains tron\u00e7ons, la solidarit\u00e9 et la gentillesse des personnes rencontr\u00e9es sur le chemin. Il y a certainement des endroits o\u00f9 j&rsquo;aimerais retourner, comme Pandino o\u00f9 nous avons \u00e9t\u00e9 accueillis avec tant de solidarit\u00e9, peut-\u00eatre que nous reviendrons \u00e0 l&rsquo;occasion de la Panda party !<\/p>\n<\/blockquote>\n<p><strong>As-tu subi des blessures ? Comment les as-tu surmont\u00e9es ?<br \/>\n<\/strong><\/p>\n<blockquote>\n<p>En ce qui concerne les blessures, il y a eu quelques probl\u00e8mes pendant le parcours mais je les ai surmont\u00e9s, gr\u00e2ce aussi aux 2 paires de chaussures test\u00e9es et adapt\u00e9es \u00e0 ce type de parcours.<\/p>\n<\/blockquote>\n<p><strong>Comment t\u2019es-tu senti pendant la derni\u00e8re \u00e9tape ? Et pendant le dernier kilom\u00e8tre avant l&rsquo;arriv\u00e9e ? Comment as-tu \u00e9t\u00e9 accueilli ?<br \/>\n<\/strong><\/p>\n<blockquote>\n<p>Dans la dix-neuvi\u00e8me et derni\u00e8re \u00e9tape, \u00e0 moins de 30 km de chez moi, plus je m&rsquo;approchais de mon village, plus l&rsquo;\u00e9motion grandissait, \u00e0 environ 15 km les c\u00e9l\u00e9brations commen\u00e7aient avec des voitures et des scooters qui nous suivaient et nous accompagnaient en klaxonnant. Arriv\u00e9s sur le territoire de Castelfranci, nous avons \u00e9t\u00e9 escort\u00e9s par la police municipale. Apr\u00e8s un court arr\u00eat \u00e0 ma ville natale, nous avons finalement atteint la place de la mairie o\u00f9 se trouvaient de nombreux villageois, men\u00e9s par le maire, l&rsquo;honorable Generoso Cresta (pas un parent, ndlr), ainsi qu&rsquo;un ruban et une couronne de fleurs. Ils avaient \u00e9galement organis\u00e9 un riche buffet avec beaucoup de g\u00e2teaux pour toutes les personnes pr\u00e9sentes (tous avec des masques et espac\u00e9s!).<br \/>\nDans l&rsquo;apr\u00e8s-midi, nous avons \u00e9t\u00e9 accueillis \u00e0 la r\u00e9union de Curva Sud \u00e0 Avellino par Franco Iannuzzi, au Bar Broadway, et par le maire d&rsquo;Avellino, l&rsquo;honorable Gianluca Festa, o\u00f9 nous avons donn\u00e9 des interviews aux t\u00e9l\u00e9visions locales.<br \/>\n\u00c0 l&rsquo;arriv\u00e9e, j&rsquo;attendais \u00e9galement ma femme et quelques parents.<\/p>\n<\/blockquote>\n<p><strong>C&rsquo;\u00e9tait donc une aventure qui avait beaucoup d&rsquo;adeptes ?<br \/>\n<\/strong><\/p>\n<blockquote>\n<p>Toute cette fantastique aventure a \u00e9t\u00e9 suivie au jour le jour via les r\u00e9seaux sociaux sur la page Facebook : Lugano-Castelfranci-AV d&rsquo;un seul coup, les commentaires et les encouragements nous ont donn\u00e9 un coup de pouce. M\u00eame le quotidien laRegione a donn\u00e9 beaucoup d&rsquo;espace \u00e0 notre aventure avec plusieurs articles. Je profite de cette occasion pour remercier laRegione et TeleTicino pour l&rsquo;espace qui nous a \u00e9t\u00e9 consacr\u00e9, ainsi que les nombreux amis sponsors qui ont voulu soutenir cette initiative. Toute cette solidarit\u00e9 et cette proximit\u00e9 de la part d&rsquo;amis mais aussi d&rsquo;\u00e9trangers, nous a sinc\u00e8rement laiss\u00e9 un beau souvenir.<\/p>\n<\/blockquote>\n<p><strong>Quel sera ton prochain d\u00e9fi ?<br \/>\n<\/strong><\/p>\n<blockquote>\n<p>Les prochains d\u00e9fis sont mon 49e marathon \u00e0 Barcelone et mon 50e marathon \u00e0 Venise, qui ont \u00e9t\u00e9 annul\u00e9s en raison de la pand\u00e9mie et \u00e9taient pr\u00e9vus pour 2020.<br \/>\nMon r\u00eave serait de pouvoir courir LE MARATHON, celui que Pheidippides a couru pour la premi\u00e8re fois, le fatidique 42 km et 195 m de Marathon au stade antique d&rsquo;Ath\u00e8nes en Gr\u00e8ce.<\/p>\n<\/blockquote>\n<p><strong>Viendras-tu \u00e0 la Ascona-Locarno Run 2021 ?<br \/>\n<\/strong><\/p>\n<blockquote>\n<p>Je serai l\u00e0 avec <strong><a href=\"https:\/\/www.all4allticino.ch\/\" target=\"_blank\" rel=\"noopener noreferrer\">All4All Ticino<\/a><\/strong> !<\/p>\n<\/blockquote>\n<p>Merci de partager avec nous cette belle entreprise et rendez-vous les 16 et 17 octobre sur la Piazza Grande !<\/p>\n<\/div><div class=\"fusion-clearfix\"><\/div><\/div><\/div><\/div><\/div>\n","protected":false},"excerpt":{"rendered":"","protected":false},"author":8,"featured_media":20404,"comment_status":"open","ping_status":"open","sticky":false,"template":"","format":"standard","meta":{"footnotes":""},"categories":[213],"tags":[],"class_list":["post-20409","post","type-post","status-publish","format-standard","has-post-thumbnail","hentry","category-home-2-fr"],"yoast_head":"<!-- This site is optimized with the Yoast SEO plugin v27.5 - https:\/\/yoast.com\/product\/yoast-seo-wordpress\/ -->\n<title>Soccorso Cresta: 966 km en 19 jours ! (partie 2) - Ascona Locarno Run<\/title>\n<meta name=\"robots\" content=\"index, follow, max-snippet:-1, max-image-preview:large, max-video-preview:-1\" \/>\n<link rel=\"canonical\" href=\"https:\/\/www.ascona-locarno-run.ch\/fr\/soccorso-cresta-966-km-en-19-jours-partie-2\/\" \/>\n<meta property=\"og:locale\" content=\"fr_FR\" \/>\n<meta property=\"og:type\" content=\"article\" \/>\n<meta property=\"og:title\" content=\"Soccorso Cresta: 966 km en 19 jours ! (partie 2) - Ascona Locarno Run\" \/>\n<meta property=\"og:url\" content=\"https:\/\/www.ascona-locarno-run.ch\/fr\/soccorso-cresta-966-km-en-19-jours-partie-2\/\" \/>\n<meta property=\"og:site_name\" content=\"Ascona Locarno Run\" \/>\n<meta property=\"article:publisher\" content=\"https:\/\/www.facebook.com\/AsconaLocarnoRun\/\" \/>\n<meta property=\"article:published_time\" content=\"2021-02-03T09:45:24+00:00\" \/>\n<meta property=\"article:modified_time\" content=\"2021-02-03T16:46:15+00:00\" \/>\n<meta property=\"og:image\" content=\"https:\/\/www.ascona-locarno-run.ch\/wp-content\/uploads\/2021\/02\/soccorso-part2-2.jpg\" \/>\n\t<meta property=\"og:image:width\" content=\"640\" \/>\n\t<meta property=\"og:image:height\" content=\"428\" \/>\n\t<meta property=\"og:image:type\" content=\"image\/jpeg\" \/>\n<meta name=\"author\" content=\"milena.marradi\" \/>\n<meta name=\"twitter:card\" content=\"summary_large_image\" \/>\n<meta name=\"twitter:label1\" content=\"\u00c9crit par\" \/>\n\t<meta name=\"twitter:data1\" content=\"milena.marradi\" \/>\n\t<meta name=\"twitter:label2\" content=\"Dur\u00e9e de lecture estim\u00e9e\" \/>\n\t<meta name=\"twitter:data2\" content=\"6 minutes\" \/>\n<script type=\"application\/ld+json\" class=\"yoast-schema-graph\">{\"@context\":\"https:\\\/\\\/schema.org\",\"@graph\":[{\"@type\":\"Article\",\"@id\":\"https:\\\/\\\/www.ascona-locarno-run.ch\\\/fr\\\/soccorso-cresta-966-km-en-19-jours-partie-2\\\/#article\",\"isPartOf\":{\"@id\":\"https:\\\/\\\/www.ascona-locarno-run.ch\\\/fr\\\/soccorso-cresta-966-km-en-19-jours-partie-2\\\/\"},\"author\":{\"name\":\"milena.marradi\",\"@id\":\"https:\\\/\\\/www.ascona-locarno-run.ch\\\/#\\\/schema\\\/person\\\/efc25e412da67e885c643a5e5391e183\"},\"headline\":\"Soccorso Cresta: 966 km en 19 jours ! (partie 2)\",\"datePublished\":\"2021-02-03T09:45:24+00:00\",\"dateModified\":\"2021-02-03T16:46:15+00:00\",\"mainEntityOfPage\":{\"@id\":\"https:\\\/\\\/www.ascona-locarno-run.ch\\\/fr\\\/soccorso-cresta-966-km-en-19-jours-partie-2\\\/\"},\"wordCount\":1189,\"commentCount\":0,\"publisher\":{\"@id\":\"https:\\\/\\\/www.ascona-locarno-run.ch\\\/#organization\"},\"image\":{\"@id\":\"https:\\\/\\\/www.ascona-locarno-run.ch\\\/fr\\\/soccorso-cresta-966-km-en-19-jours-partie-2\\\/#primaryimage\"},\"thumbnailUrl\":\"https:\\\/\\\/www.ascona-locarno-run.ch\\\/wp-content\\\/uploads\\\/2021\\\/02\\\/soccorso-part2-2.jpg\",\"articleSection\":[\"home-2\"],\"inLanguage\":\"fr-FR\",\"potentialAction\":[{\"@type\":\"CommentAction\",\"name\":\"Comment\",\"target\":[\"https:\\\/\\\/www.ascona-locarno-run.ch\\\/fr\\\/soccorso-cresta-966-km-en-19-jours-partie-2\\\/#respond\"]}]},{\"@type\":\"WebPage\",\"@id\":\"https:\\\/\\\/www.ascona-locarno-run.ch\\\/fr\\\/soccorso-cresta-966-km-en-19-jours-partie-2\\\/\",\"url\":\"https:\\\/\\\/www.ascona-locarno-run.ch\\\/fr\\\/soccorso-cresta-966-km-en-19-jours-partie-2\\\/\",\"name\":\"Soccorso Cresta: 966 km en 19 jours ! (partie 2) - Ascona Locarno Run\",\"isPartOf\":{\"@id\":\"https:\\\/\\\/www.ascona-locarno-run.ch\\\/#website\"},\"primaryImageOfPage\":{\"@id\":\"https:\\\/\\\/www.ascona-locarno-run.ch\\\/fr\\\/soccorso-cresta-966-km-en-19-jours-partie-2\\\/#primaryimage\"},\"image\":{\"@id\":\"https:\\\/\\\/www.ascona-locarno-run.ch\\\/fr\\\/soccorso-cresta-966-km-en-19-jours-partie-2\\\/#primaryimage\"},\"thumbnailUrl\":\"https:\\\/\\\/www.ascona-locarno-run.ch\\\/wp-content\\\/uploads\\\/2021\\\/02\\\/soccorso-part2-2.jpg\",\"datePublished\":\"2021-02-03T09:45:24+00:00\",\"dateModified\":\"2021-02-03T16:46:15+00:00\",\"breadcrumb\":{\"@id\":\"https:\\\/\\\/www.ascona-locarno-run.ch\\\/fr\\\/soccorso-cresta-966-km-en-19-jours-partie-2\\\/#breadcrumb\"},\"inLanguage\":\"fr-FR\",\"potentialAction\":[{\"@type\":\"ReadAction\",\"target\":[\"https:\\\/\\\/www.ascona-locarno-run.ch\\\/fr\\\/soccorso-cresta-966-km-en-19-jours-partie-2\\\/\"]}]},{\"@type\":\"ImageObject\",\"inLanguage\":\"fr-FR\",\"@id\":\"https:\\\/\\\/www.ascona-locarno-run.ch\\\/fr\\\/soccorso-cresta-966-km-en-19-jours-partie-2\\\/#primaryimage\",\"url\":\"https:\\\/\\\/www.ascona-locarno-run.ch\\\/wp-content\\\/uploads\\\/2021\\\/02\\\/soccorso-part2-2.jpg\",\"contentUrl\":\"https:\\\/\\\/www.ascona-locarno-run.ch\\\/wp-content\\\/uploads\\\/2021\\\/02\\\/soccorso-part2-2.jpg\",\"width\":640,\"height\":428},{\"@type\":\"BreadcrumbList\",\"@id\":\"https:\\\/\\\/www.ascona-locarno-run.ch\\\/fr\\\/soccorso-cresta-966-km-en-19-jours-partie-2\\\/#breadcrumb\",\"itemListElement\":[{\"@type\":\"ListItem\",\"position\":1,\"name\":\"Home\",\"item\":\"https:\\\/\\\/www.ascona-locarno-run.ch\\\/fr\\\/\"},{\"@type\":\"ListItem\",\"position\":2,\"name\":\"Soccorso Cresta: 966 km en 19 jours ! (partie 2)\"}]},{\"@type\":\"WebSite\",\"@id\":\"https:\\\/\\\/www.ascona-locarno-run.ch\\\/#website\",\"url\":\"https:\\\/\\\/www.ascona-locarno-run.ch\\\/\",\"name\":\"Ascona-Locarno Run\",\"description\":\"L\u2019endroit parfait pour votre course !\u00a0\",\"publisher\":{\"@id\":\"https:\\\/\\\/www.ascona-locarno-run.ch\\\/#organization\"},\"potentialAction\":[{\"@type\":\"SearchAction\",\"target\":{\"@type\":\"EntryPoint\",\"urlTemplate\":\"https:\\\/\\\/www.ascona-locarno-run.ch\\\/?s={search_term_string}\"},\"query-input\":{\"@type\":\"PropertyValueSpecification\",\"valueRequired\":true,\"valueName\":\"search_term_string\"}}],\"inLanguage\":\"fr-FR\"},{\"@type\":\"Organization\",\"@id\":\"https:\\\/\\\/www.ascona-locarno-run.ch\\\/#organization\",\"name\":\"Ascona-Locarno Run\",\"url\":\"https:\\\/\\\/www.ascona-locarno-run.ch\\\/\",\"logo\":{\"@type\":\"ImageObject\",\"inLanguage\":\"fr-FR\",\"@id\":\"https:\\\/\\\/www.ascona-locarno-run.ch\\\/#\\\/schema\\\/logo\\\/image\\\/\",\"url\":\"https:\\\/\\\/www.ascona-locarno-run.ch\\\/wp-content\\\/uploads\\\/2024\\\/02\\\/logo-alr-colored.png\",\"contentUrl\":\"https:\\\/\\\/www.ascona-locarno-run.ch\\\/wp-content\\\/uploads\\\/2024\\\/02\\\/logo-alr-colored.png\",\"width\":800,\"height\":368,\"caption\":\"Ascona-Locarno Run\"},\"image\":{\"@id\":\"https:\\\/\\\/www.ascona-locarno-run.ch\\\/#\\\/schema\\\/logo\\\/image\\\/\"},\"sameAs\":[\"https:\\\/\\\/www.facebook.com\\\/AsconaLocarnoRun\\\/\",\"https:\\\/\\\/www.instagram.com\\\/ascona_locarno_run\\\/\"]},{\"@type\":\"Person\",\"@id\":\"https:\\\/\\\/www.ascona-locarno-run.ch\\\/#\\\/schema\\\/person\\\/efc25e412da67e885c643a5e5391e183\",\"name\":\"milena.marradi\",\"image\":{\"@type\":\"ImageObject\",\"inLanguage\":\"fr-FR\",\"@id\":\"https:\\\/\\\/secure.gravatar.com\\\/avatar\\\/c7408484ef5e0aa30e055bf5cb5bdddafc3f99f33648fa24f978808eae7feca2?s=96&d=mm&r=g\",\"url\":\"https:\\\/\\\/secure.gravatar.com\\\/avatar\\\/c7408484ef5e0aa30e055bf5cb5bdddafc3f99f33648fa24f978808eae7feca2?s=96&d=mm&r=g\",\"contentUrl\":\"https:\\\/\\\/secure.gravatar.com\\\/avatar\\\/c7408484ef5e0aa30e055bf5cb5bdddafc3f99f33648fa24f978808eae7feca2?s=96&d=mm&r=g\",\"caption\":\"milena.marradi\"}}]}<\/script>\n<!-- \/ Yoast SEO plugin. -->","yoast_head_json":{"title":"Soccorso Cresta: 966 km en 19 jours ! (partie 2) - Ascona Locarno Run","robots":{"index":"index","follow":"follow","max-snippet":"max-snippet:-1","max-image-preview":"max-image-preview:large","max-video-preview":"max-video-preview:-1"},"canonical":"https:\/\/www.ascona-locarno-run.ch\/fr\/soccorso-cresta-966-km-en-19-jours-partie-2\/","og_locale":"fr_FR","og_type":"article","og_title":"Soccorso Cresta: 966 km en 19 jours ! (partie 2) - Ascona Locarno Run","og_url":"https:\/\/www.ascona-locarno-run.ch\/fr\/soccorso-cresta-966-km-en-19-jours-partie-2\/","og_site_name":"Ascona Locarno Run","article_publisher":"https:\/\/www.facebook.com\/AsconaLocarnoRun\/","article_published_time":"2021-02-03T09:45:24+00:00","article_modified_time":"2021-02-03T16:46:15+00:00","og_image":[{"width":640,"height":428,"url":"https:\/\/www.ascona-locarno-run.ch\/wp-content\/uploads\/2021\/02\/soccorso-part2-2.jpg","type":"image\/jpeg"}],"author":"milena.marradi","twitter_card":"summary_large_image","twitter_misc":{"\u00c9crit par":"milena.marradi","Dur\u00e9e de lecture estim\u00e9e":"6 minutes"},"schema":{"@context":"https:\/\/schema.org","@graph":[{"@type":"Article","@id":"https:\/\/www.ascona-locarno-run.ch\/fr\/soccorso-cresta-966-km-en-19-jours-partie-2\/#article","isPartOf":{"@id":"https:\/\/www.ascona-locarno-run.ch\/fr\/soccorso-cresta-966-km-en-19-jours-partie-2\/"},"author":{"name":"milena.marradi","@id":"https:\/\/www.ascona-locarno-run.ch\/#\/schema\/person\/efc25e412da67e885c643a5e5391e183"},"headline":"Soccorso Cresta: 966 km en 19 jours ! (partie 2)","datePublished":"2021-02-03T09:45:24+00:00","dateModified":"2021-02-03T16:46:15+00:00","mainEntityOfPage":{"@id":"https:\/\/www.ascona-locarno-run.ch\/fr\/soccorso-cresta-966-km-en-19-jours-partie-2\/"},"wordCount":1189,"commentCount":0,"publisher":{"@id":"https:\/\/www.ascona-locarno-run.ch\/#organization"},"image":{"@id":"https:\/\/www.ascona-locarno-run.ch\/fr\/soccorso-cresta-966-km-en-19-jours-partie-2\/#primaryimage"},"thumbnailUrl":"https:\/\/www.ascona-locarno-run.ch\/wp-content\/uploads\/2021\/02\/soccorso-part2-2.jpg","articleSection":["home-2"],"inLanguage":"fr-FR","potentialAction":[{"@type":"CommentAction","name":"Comment","target":["https:\/\/www.ascona-locarno-run.ch\/fr\/soccorso-cresta-966-km-en-19-jours-partie-2\/#respond"]}]},{"@type":"WebPage","@id":"https:\/\/www.ascona-locarno-run.ch\/fr\/soccorso-cresta-966-km-en-19-jours-partie-2\/","url":"https:\/\/www.ascona-locarno-run.ch\/fr\/soccorso-cresta-966-km-en-19-jours-partie-2\/","name":"Soccorso Cresta: 966 km en 19 jours ! (partie 2) - Ascona Locarno Run","isPartOf":{"@id":"https:\/\/www.ascona-locarno-run.ch\/#website"},"primaryImageOfPage":{"@id":"https:\/\/www.ascona-locarno-run.ch\/fr\/soccorso-cresta-966-km-en-19-jours-partie-2\/#primaryimage"},"image":{"@id":"https:\/\/www.ascona-locarno-run.ch\/fr\/soccorso-cresta-966-km-en-19-jours-partie-2\/#primaryimage"},"thumbnailUrl":"https:\/\/www.ascona-locarno-run.ch\/wp-content\/uploads\/2021\/02\/soccorso-part2-2.jpg","datePublished":"2021-02-03T09:45:24+00:00","dateModified":"2021-02-03T16:46:15+00:00","breadcrumb":{"@id":"https:\/\/www.ascona-locarno-run.ch\/fr\/soccorso-cresta-966-km-en-19-jours-partie-2\/#breadcrumb"},"inLanguage":"fr-FR","potentialAction":[{"@type":"ReadAction","target":["https:\/\/www.ascona-locarno-run.ch\/fr\/soccorso-cresta-966-km-en-19-jours-partie-2\/"]}]},{"@type":"ImageObject","inLanguage":"fr-FR","@id":"https:\/\/www.ascona-locarno-run.ch\/fr\/soccorso-cresta-966-km-en-19-jours-partie-2\/#primaryimage","url":"https:\/\/www.ascona-locarno-run.ch\/wp-content\/uploads\/2021\/02\/soccorso-part2-2.jpg","contentUrl":"https:\/\/www.ascona-locarno-run.ch\/wp-content\/uploads\/2021\/02\/soccorso-part2-2.jpg","width":640,"height":428},{"@type":"BreadcrumbList","@id":"https:\/\/www.ascona-locarno-run.ch\/fr\/soccorso-cresta-966-km-en-19-jours-partie-2\/#breadcrumb","itemListElement":[{"@type":"ListItem","position":1,"name":"Home","item":"https:\/\/www.ascona-locarno-run.ch\/fr\/"},{"@type":"ListItem","position":2,"name":"Soccorso Cresta: 966 km en 19 jours ! (partie 2)"}]},{"@type":"WebSite","@id":"https:\/\/www.ascona-locarno-run.ch\/#website","url":"https:\/\/www.ascona-locarno-run.ch\/","name":"Ascona-Locarno Run","description":"L\u2019endroit parfait pour votre course !\u00a0","publisher":{"@id":"https:\/\/www.ascona-locarno-run.ch\/#organization"},"potentialAction":[{"@type":"SearchAction","target":{"@type":"EntryPoint","urlTemplate":"https:\/\/www.ascona-locarno-run.ch\/?s={search_term_string}"},"query-input":{"@type":"PropertyValueSpecification","valueRequired":true,"valueName":"search_term_string"}}],"inLanguage":"fr-FR"},{"@type":"Organization","@id":"https:\/\/www.ascona-locarno-run.ch\/#organization","name":"Ascona-Locarno Run","url":"https:\/\/www.ascona-locarno-run.ch\/","logo":{"@type":"ImageObject","inLanguage":"fr-FR","@id":"https:\/\/www.ascona-locarno-run.ch\/#\/schema\/logo\/image\/","url":"https:\/\/www.ascona-locarno-run.ch\/wp-content\/uploads\/2024\/02\/logo-alr-colored.png","contentUrl":"https:\/\/www.ascona-locarno-run.ch\/wp-content\/uploads\/2024\/02\/logo-alr-colored.png","width":800,"height":368,"caption":"Ascona-Locarno Run"},"image":{"@id":"https:\/\/www.ascona-locarno-run.ch\/#\/schema\/logo\/image\/"},"sameAs":["https:\/\/www.facebook.com\/AsconaLocarnoRun\/","https:\/\/www.instagram.com\/ascona_locarno_run\/"]},{"@type":"Person","@id":"https:\/\/www.ascona-locarno-run.ch\/#\/schema\/person\/efc25e412da67e885c643a5e5391e183","name":"milena.marradi","image":{"@type":"ImageObject","inLanguage":"fr-FR","@id":"https:\/\/secure.gravatar.com\/avatar\/c7408484ef5e0aa30e055bf5cb5bdddafc3f99f33648fa24f978808eae7feca2?s=96&d=mm&r=g","url":"https:\/\/secure.gravatar.com\/avatar\/c7408484ef5e0aa30e055bf5cb5bdddafc3f99f33648fa24f978808eae7feca2?s=96&d=mm&r=g","contentUrl":"https:\/\/secure.gravatar.com\/avatar\/c7408484ef5e0aa30e055bf5cb5bdddafc3f99f33648fa24f978808eae7feca2?s=96&d=mm&r=g","caption":"milena.marradi"}}]}},"_links":{"self":[{"href":"https:\/\/www.ascona-locarno-run.ch\/fr\/wp-json\/wp\/v2\/posts\/20409","targetHints":{"allow":["GET"]}}],"collection":[{"href":"https:\/\/www.ascona-locarno-run.ch\/fr\/wp-json\/wp\/v2\/posts"}],"about":[{"href":"https:\/\/www.ascona-locarno-run.ch\/fr\/wp-json\/wp\/v2\/types\/post"}],"author":[{"embeddable":true,"href":"https:\/\/www.ascona-locarno-run.ch\/fr\/wp-json\/wp\/v2\/users\/8"}],"replies":[{"embeddable":true,"href":"https:\/\/www.ascona-locarno-run.ch\/fr\/wp-json\/wp\/v2\/comments?post=20409"}],"version-history":[{"count":4,"href":"https:\/\/www.ascona-locarno-run.ch\/fr\/wp-json\/wp\/v2\/posts\/20409\/revisions"}],"predecessor-version":[{"id":20435,"href":"https:\/\/www.ascona-locarno-run.ch\/fr\/wp-json\/wp\/v2\/posts\/20409\/revisions\/20435"}],"wp:featuredmedia":[{"embeddable":true,"href":"https:\/\/www.ascona-locarno-run.ch\/fr\/wp-json\/wp\/v2\/media\/20404"}],"wp:attachment":[{"href":"https:\/\/www.ascona-locarno-run.ch\/fr\/wp-json\/wp\/v2\/media?parent=20409"}],"wp:term":[{"taxonomy":"category","embeddable":true,"href":"https:\/\/www.ascona-locarno-run.ch\/fr\/wp-json\/wp\/v2\/categories?post=20409"},{"taxonomy":"post_tag","embeddable":true,"href":"https:\/\/www.ascona-locarno-run.ch\/fr\/wp-json\/wp\/v2\/tags?post=20409"}],"curies":[{"name":"wp","href":"https:\/\/api.w.org\/{rel}","templated":true}]}}