{"id":23696,"date":"2022-03-31T15:42:16","date_gmt":"2022-03-31T13:42:16","guid":{"rendered":"https:\/\/www.ascona-locarno-run.ch\/ready-steady-go\/"},"modified":"2022-03-31T16:09:00","modified_gmt":"2022-03-31T14:09:00","slug":"auf-die-plaetze-fertig-los","status":"publish","type":"post","link":"https:\/\/www.ascona-locarno-run.ch\/de\/auf-die-plaetze-fertig-los\/","title":{"rendered":"Auf die Pl\u00e4tze, fertig&#8230; LOS!"},"content":{"rendered":"<p><div class=\"fusion-fullwidth fullwidth-box fusion-builder-row-1 fusion-flex-container nonhundred-percent-fullwidth non-hundred-percent-height-scrolling\" style=\"--awb-border-radius-top-left:0px;--awb-border-radius-top-right:0px;--awb-border-radius-bottom-right:0px;--awb-border-radius-bottom-left:0px;--awb-flex-wrap:wrap;\" ><div class=\"fusion-builder-row fusion-row fusion-flex-align-items-flex-start fusion-flex-content-wrap\" style=\"max-width:1144px;margin-left: calc(-4% \/ 2 );margin-right: calc(-4% \/ 2 );\"><div class=\"fusion-layout-column fusion_builder_column fusion-builder-column-0 fusion_builder_column_1_1 1_1 fusion-flex-column\" style=\"--awb-bg-size:cover;--awb-width-large:100%;--awb-margin-top-large:0px;--awb-spacing-right-large:1.92%;--awb-margin-bottom-large:0px;--awb-spacing-left-large:1.92%;--awb-width-medium:100%;--awb-spacing-right-medium:1.92%;--awb-spacing-left-medium:1.92%;--awb-width-small:100%;--awb-spacing-right-small:1.92%;--awb-spacing-left-small:1.92%;\"><div class=\"fusion-column-wrapper fusion-flex-justify-content-flex-start fusion-content-layout-column\"><div class=\"fusion-text fusion-text-1\" style=\"--awb-text-transform:none;\"><div class=\"fusion-text fusion-text-1\"><\/div>\n<h2 style=\"text-align: center;\"><strong>Auf die Pl\u00e4tze, fertig&#8230; LOS!<\/strong><\/h2>\n<h3 style=\"text-align: center;\"><strong>Die Anmeldung f\u00fcr den Ascona-Locarno Run ist jetzt offen! <\/strong><\/h3>\n<div style=\"text-align: center;\">Entdecke die Neuigkeiten dieser siebten Ausgabe:<\/p>\n<\/div><div class=\"fusion-text fusion-text-3\"><\/div>\n<\/div><\/div><\/div><div class=\"fusion-layout-column fusion_builder_column fusion-builder-column-1 fusion_builder_column_1_1 1_1 fusion-flex-column\" style=\"--awb-padding-top:30px;--awb-padding-right:50px;--awb-padding-bottom:30px;--awb-padding-left:50px;--awb-bg-color:var(--awb-color6);--awb-bg-color-hover:var(--awb-color6);--awb-bg-size:cover;--awb-width-large:100%;--awb-margin-top-large:20px;--awb-spacing-right-large:1.92%;--awb-margin-bottom-large:20px;--awb-spacing-left-large:1.92%;--awb-width-medium:100%;--awb-order-medium:0;--awb-spacing-right-medium:1.92%;--awb-spacing-left-medium:1.92%;--awb-width-small:100%;--awb-order-small:0;--awb-spacing-right-small:1.92%;--awb-spacing-left-small:1.92%;\"><div class=\"fusion-column-wrapper fusion-column-has-shadow fusion-flex-justify-content-flex-start fusion-content-layout-column\"><div class=\"fusion-text fusion-text-4\" style=\"--awb-font-size:20px;--awb-line-height:30px;--awb-text-transform:none;--awb-text-color:#ededed;\"><div style=\"text-align: center;\"><span style=\"color: #ffffff;\"><a style=\"color: #ffffff;\" href=\"https:\/\/www.ascona-locarno-run.ch\/de\/rennen\/kidsrun\/\" target=\"_blank\" rel=\"noopener\" data-cke-saved-href=\"https:\/\/www.ascona-locarno-run.ch\/de\/rennen\/kidsrun\/\"><strong>Kids Run<\/strong><\/a><\/span><br \/>\n<span style=\"color: #ffffff;\"><a style=\"color: #ffffff;\" href=\"https:\/\/www.ascona-locarno-run.ch\/de\/rennen\/5-km-sunset-run\/\" target=\"_blank\" rel=\"noopener\" data-cke-saved-href=\"https:\/\/www.ascona-locarno-run.ch\/de\/rennen\/5-km-sunset-run\/\"><strong>5 km Sunset Run<\/strong><\/a><\/span><br \/>\n<span style=\"color: #ffffff;\"><a style=\"color: #ffffff;\" href=\"https:\/\/www.ascona-locarno-run.ch\/de\/rennen\/21-km-half-marathon\/\" target=\"_blank\" rel=\"noopener\" data-cke-saved-href=\"https:\/\/www.ascona-locarno-run.ch\/de\/rennen\/21-km-half-marathon\/\"><strong>21 km Half Marathon<\/strong><\/a> <em>(Fr\u00fchbucherpreis!)<\/em><\/span><br \/>\n<span style=\"color: #ffffff;\"><a style=\"color: #ffffff;\" href=\"https:\/\/www.ascona-locarno-run.ch\/de\/rennen\/10-km-run\/\" target=\"_blank\" rel=\"noopener\" data-cke-saved-href=\"https:\/\/www.ascona-locarno-run.ch\/de\/rennen\/10-km-run\/\"><strong>10 km Run<\/strong><\/a><em> (Fr\u00fchbucherpreis!)<\/em><\/span><br \/>\n<span style=\"color: #ffffff;\"><a style=\"color: #ffffff;\" href=\"https:\/\/www.ascona-locarno-run.ch\/de\/10-km-walking-and-nordic-walking\/\" target=\"_blank\" rel=\"noopener\" data-cke-saved-href=\"https:\/\/www.ascona-locarno-run.ch\/de\/10-km-walking-and-nordic-walking\/\"><strong>10 km Walking&amp;Nordic Walking<\/strong><\/a> <em>(Fr\u00fchbucherpreis!)<\/em><\/span><\/div>\n<\/div><\/div><\/div><div class=\"fusion-layout-column fusion_builder_column fusion-builder-column-2 fusion_builder_column_1_2 1_2 fusion-flex-column\" style=\"--awb-bg-size:cover;--awb-width-large:50%;--awb-margin-top-large:0px;--awb-spacing-right-large:3.84%;--awb-margin-bottom-large:20px;--awb-spacing-left-large:3.84%;--awb-width-medium:100%;--awb-order-medium:0;--awb-spacing-right-medium:1.92%;--awb-spacing-left-medium:1.92%;--awb-width-small:100%;--awb-order-small:0;--awb-spacing-right-small:1.92%;--awb-spacing-left-small:1.92%;\"><div class=\"fusion-column-wrapper fusion-column-has-shadow fusion-flex-justify-content-flex-start fusion-content-layout-column\"><div class=\"fusion-image-element \" style=\"text-align:center;--awb-margin-bottom:20px;--awb-caption-title-font-family:var(--h2_typography-font-family);--awb-caption-title-font-weight:var(--h2_typography-font-weight);--awb-caption-title-font-style:var(--h2_typography-font-style);--awb-caption-title-size:var(--h2_typography-font-size);--awb-caption-title-transform:var(--h2_typography-text-transform);--awb-caption-title-line-height:var(--h2_typography-line-height);--awb-caption-title-letter-spacing:var(--h2_typography-letter-spacing);\"><span class=\" fusion-imageframe imageframe-none imageframe-1 hover-type-none\"><a class=\"fusion-no-lightbox\" href=\"https:\/\/www.ascona-locarno-run.ch\/de\/runsleep\/\" target=\"_self\" aria-label=\"RUN AND SLEEP\"><img decoding=\"async\" width=\"500\" height=\"490\" src=\"data:image\/svg+xml,%3Csvg%20xmlns%3D%27http%3A%2F%2Fwww.w3.org%2F2000%2Fsvg%27%20width%3D%27500%27%20height%3D%27490%27%20viewBox%3D%270%200%20500%20490%27%3E%3Crect%20width%3D%27500%27%20height%3D%27490%27%20fill-opacity%3D%220%22%2F%3E%3C%2Fsvg%3E\" data-orig-src=\"https:\/\/www.ascona-locarno-run.ch\/wp-content\/uploads\/2022\/03\/RUN-AND-SLEEP-4.jpg\" alt class=\"lazyload img-responsive wp-image-23687\"\/><\/a><\/span><\/div><div class=\"fusion-text fusion-text-5\" style=\"--awb-text-transform:none;\"><h3>Run&amp;Sleep<\/h3>\n<p>In den folgenden Hotels erh\u00e4lst Du <strong>15% Erm\u00e4\u00dfigung<\/strong>:<\/p>\n<p><strong>Hotel&amp;Lounge Lago Maggiore, Hotel City Locarno, Garni Geranio au Lac.<\/strong><\/p>\n<\/div><\/div><\/div><div class=\"fusion-layout-column fusion_builder_column fusion-builder-column-3 fusion_builder_column_1_2 1_2 fusion-flex-column\" style=\"--awb-bg-size:cover;--awb-width-large:50%;--awb-margin-top-large:0px;--awb-spacing-right-large:3.84%;--awb-margin-bottom-large:20px;--awb-spacing-left-large:3.84%;--awb-width-medium:100%;--awb-order-medium:0;--awb-spacing-right-medium:1.92%;--awb-spacing-left-medium:1.92%;--awb-width-small:100%;--awb-order-small:0;--awb-spacing-right-small:1.92%;--awb-spacing-left-small:1.92%;\"><div class=\"fusion-column-wrapper fusion-column-has-shadow fusion-flex-justify-content-flex-start fusion-content-layout-column\"><div class=\"fusion-image-element \" style=\"text-align:center;--awb-margin-bottom:20px;--awb-caption-title-font-family:var(--h2_typography-font-family);--awb-caption-title-font-weight:var(--h2_typography-font-weight);--awb-caption-title-font-style:var(--h2_typography-font-style);--awb-caption-title-size:var(--h2_typography-font-size);--awb-caption-title-transform:var(--h2_typography-text-transform);--awb-caption-title-line-height:var(--h2_typography-line-height);--awb-caption-title-letter-spacing:var(--h2_typography-letter-spacing);\"><span class=\" fusion-imageframe imageframe-none imageframe-2 hover-type-none\"><a class=\"fusion-no-lightbox\" href=\"https:\/\/www.ascona-locarno-run.ch\/de\/runrelax\/\" target=\"_self\" aria-label=\"RUN AND RELAX\"><img decoding=\"async\" width=\"500\" height=\"490\" src=\"https:\/\/www.ascona-locarno-run.ch\/wp-content\/uploads\/2022\/03\/RUN-AND-RELAX-2.jpg\" data-orig-src=\"https:\/\/www.ascona-locarno-run.ch\/wp-content\/uploads\/2022\/03\/RUN-AND-RELAX-2.jpg\" alt class=\"lazyload img-responsive wp-image-23683\" srcset=\"data:image\/svg+xml,%3Csvg%20xmlns%3D%27http%3A%2F%2Fwww.w3.org%2F2000%2Fsvg%27%20width%3D%27500%27%20height%3D%27490%27%20viewBox%3D%270%200%20500%20490%27%3E%3Crect%20width%3D%27500%27%20height%3D%27490%27%20fill-opacity%3D%220%22%2F%3E%3C%2Fsvg%3E\" data-srcset=\"https:\/\/www.ascona-locarno-run.ch\/wp-content\/uploads\/2022\/03\/RUN-AND-RELAX-2-200x196.jpg 200w, https:\/\/www.ascona-locarno-run.ch\/wp-content\/uploads\/2022\/03\/RUN-AND-RELAX-2-400x392.jpg 400w, https:\/\/www.ascona-locarno-run.ch\/wp-content\/uploads\/2022\/03\/RUN-AND-RELAX-2.jpg 500w\" data-sizes=\"auto\" data-orig-sizes=\"(max-width: 1024px) 100vw, (max-width: 480px) 100vw, 500px\" \/><\/a><\/span><\/div><div class=\"fusion-text fusion-text-6\" style=\"--awb-text-transform:none;\"><h3>Run&amp;relax: eine perfekte Kombination!<\/h3>\n<p>Kaufe Deine Eintrittskarte f\u00fcr die <strong>Termali Salini&amp;Spa f\u00fcr CHF 28.-!<\/strong><\/p>\n<\/div><\/div><\/div><\/div><\/div><div class=\"fusion-fullwidth fullwidth-box fusion-builder-row-2 fusion-flex-container nonhundred-percent-fullwidth non-hundred-percent-height-scrolling\" style=\"--awb-border-radius-top-left:0px;--awb-border-radius-top-right:0px;--awb-border-radius-bottom-right:0px;--awb-border-radius-bottom-left:0px;--awb-flex-wrap:wrap;\" ><div class=\"fusion-builder-row fusion-row fusion-flex-align-items-flex-start fusion-flex-content-wrap\" style=\"max-width:1144px;margin-left: calc(-4% \/ 2 );margin-right: calc(-4% \/ 2 );\"><\/div><\/div><\/p>\n","protected":false},"excerpt":{"rendered":"","protected":false},"author":8,"featured_media":23692,"comment_status":"open","ping_status":"open","sticky":false,"template":"","format":"standard","meta":{"footnotes":""},"categories":[153],"tags":[],"class_list":["post-23696","post","type-post","status-publish","format-standard","has-post-thumbnail","hentry","category-home-de"],"yoast_head":"<!-- This site is optimized with the Yoast SEO plugin v27.5 - https:\/\/yoast.com\/product\/yoast-seo-wordpress\/ -->\n<title>Auf die Pl\u00e4tze, fertig... LOS! - Ascona-Locarno Run<\/title>\n<meta name=\"robots\" content=\"index, follow, max-snippet:-1, max-image-preview:large, max-video-preview:-1\" \/>\n<link rel=\"canonical\" href=\"https:\/\/www.ascona-locarno-run.ch\/de\/auf-die-plaetze-fertig-los\/\" \/>\n<meta property=\"og:locale\" content=\"de_DE\" \/>\n<meta property=\"og:type\" content=\"article\" \/>\n<meta property=\"og:title\" content=\"Auf die Pl\u00e4tze, fertig... LOS! - Ascona-Locarno Run\" \/>\n<meta property=\"og:url\" content=\"https:\/\/www.ascona-locarno-run.ch\/de\/auf-die-plaetze-fertig-los\/\" \/>\n<meta property=\"og:site_name\" content=\"Ascona-Locarno Run\" \/>\n<meta property=\"article:publisher\" content=\"https:\/\/www.facebook.com\/AsconaLocarnoRun\/\" \/>\n<meta property=\"article:published_time\" content=\"2022-03-31T13:42:16+00:00\" \/>\n<meta property=\"article:modified_time\" content=\"2022-03-31T14:09:00+00:00\" \/>\n<meta property=\"og:image\" content=\"https:\/\/www.ascona-locarno-run.ch\/wp-content\/uploads\/2022\/03\/iscrizioni-2022.jpg\" \/>\n\t<meta property=\"og:image:width\" content=\"850\" \/>\n\t<meta property=\"og:image:height\" content=\"567\" \/>\n\t<meta property=\"og:image:type\" content=\"image\/jpeg\" \/>\n<meta name=\"author\" content=\"milena.marradi\" \/>\n<meta name=\"twitter:card\" content=\"summary_large_image\" \/>\n<meta name=\"twitter:label1\" content=\"Verfasst von\" \/>\n\t<meta name=\"twitter:data1\" content=\"milena.marradi\" \/>\n\t<meta name=\"twitter:label2\" content=\"Gesch\u00e4tzte Lesezeit\" \/>\n\t<meta name=\"twitter:data2\" content=\"9\u00a0Minuten\" \/>\n<script type=\"application\/ld+json\" class=\"yoast-schema-graph\">{\"@context\":\"https:\\\/\\\/schema.org\",\"@graph\":[{\"@type\":\"Article\",\"@id\":\"https:\\\/\\\/www.ascona-locarno-run.ch\\\/de\\\/auf-die-plaetze-fertig-los\\\/#article\",\"isPartOf\":{\"@id\":\"https:\\\/\\\/www.ascona-locarno-run.ch\\\/de\\\/auf-die-plaetze-fertig-los\\\/\"},\"author\":{\"name\":\"milena.marradi\",\"@id\":\"https:\\\/\\\/www.ascona-locarno-run.ch\\\/#\\\/schema\\\/person\\\/efc25e412da67e885c643a5e5391e183\"},\"headline\":\"Auf die Pl\u00e4tze, fertig&#8230; LOS!\",\"datePublished\":\"2022-03-31T13:42:16+00:00\",\"dateModified\":\"2022-03-31T14:09:00+00:00\",\"mainEntityOfPage\":{\"@id\":\"https:\\\/\\\/www.ascona-locarno-run.ch\\\/de\\\/auf-die-plaetze-fertig-los\\\/\"},\"wordCount\":1884,\"commentCount\":0,\"publisher\":{\"@id\":\"https:\\\/\\\/www.ascona-locarno-run.ch\\\/#organization\"},\"image\":{\"@id\":\"https:\\\/\\\/www.ascona-locarno-run.ch\\\/de\\\/auf-die-plaetze-fertig-los\\\/#primaryimage\"},\"thumbnailUrl\":\"https:\\\/\\\/www.ascona-locarno-run.ch\\\/wp-content\\\/uploads\\\/2022\\\/03\\\/iscrizioni-2022.jpg\",\"articleSection\":[\"Home\"],\"inLanguage\":\"de\",\"potentialAction\":[{\"@type\":\"CommentAction\",\"name\":\"Comment\",\"target\":[\"https:\\\/\\\/www.ascona-locarno-run.ch\\\/de\\\/auf-die-plaetze-fertig-los\\\/#respond\"]}]},{\"@type\":\"WebPage\",\"@id\":\"https:\\\/\\\/www.ascona-locarno-run.ch\\\/de\\\/auf-die-plaetze-fertig-los\\\/\",\"url\":\"https:\\\/\\\/www.ascona-locarno-run.ch\\\/de\\\/auf-die-plaetze-fertig-los\\\/\",\"name\":\"Auf die Pl\u00e4tze, fertig... LOS! - Ascona-Locarno Run\",\"isPartOf\":{\"@id\":\"https:\\\/\\\/www.ascona-locarno-run.ch\\\/#website\"},\"primaryImageOfPage\":{\"@id\":\"https:\\\/\\\/www.ascona-locarno-run.ch\\\/de\\\/auf-die-plaetze-fertig-los\\\/#primaryimage\"},\"image\":{\"@id\":\"https:\\\/\\\/www.ascona-locarno-run.ch\\\/de\\\/auf-die-plaetze-fertig-los\\\/#primaryimage\"},\"thumbnailUrl\":\"https:\\\/\\\/www.ascona-locarno-run.ch\\\/wp-content\\\/uploads\\\/2022\\\/03\\\/iscrizioni-2022.jpg\",\"datePublished\":\"2022-03-31T13:42:16+00:00\",\"dateModified\":\"2022-03-31T14:09:00+00:00\",\"breadcrumb\":{\"@id\":\"https:\\\/\\\/www.ascona-locarno-run.ch\\\/de\\\/auf-die-plaetze-fertig-los\\\/#breadcrumb\"},\"inLanguage\":\"de\",\"potentialAction\":[{\"@type\":\"ReadAction\",\"target\":[\"https:\\\/\\\/www.ascona-locarno-run.ch\\\/de\\\/auf-die-plaetze-fertig-los\\\/\"]}]},{\"@type\":\"ImageObject\",\"inLanguage\":\"de\",\"@id\":\"https:\\\/\\\/www.ascona-locarno-run.ch\\\/de\\\/auf-die-plaetze-fertig-los\\\/#primaryimage\",\"url\":\"https:\\\/\\\/www.ascona-locarno-run.ch\\\/wp-content\\\/uploads\\\/2022\\\/03\\\/iscrizioni-2022.jpg\",\"contentUrl\":\"https:\\\/\\\/www.ascona-locarno-run.ch\\\/wp-content\\\/uploads\\\/2022\\\/03\\\/iscrizioni-2022.jpg\",\"width\":850,\"height\":567},{\"@type\":\"BreadcrumbList\",\"@id\":\"https:\\\/\\\/www.ascona-locarno-run.ch\\\/de\\\/auf-die-plaetze-fertig-los\\\/#breadcrumb\",\"itemListElement\":[{\"@type\":\"ListItem\",\"position\":1,\"name\":\"Home\",\"item\":\"https:\\\/\\\/www.ascona-locarno-run.ch\\\/de\\\/\"},{\"@type\":\"ListItem\",\"position\":2,\"name\":\"Auf die Pl\u00e4tze, fertig&#8230; LOS!\"}]},{\"@type\":\"WebSite\",\"@id\":\"https:\\\/\\\/www.ascona-locarno-run.ch\\\/#website\",\"url\":\"https:\\\/\\\/www.ascona-locarno-run.ch\\\/\",\"name\":\"Ascona-Locarno Run\",\"description\":\"Der perfekte Ort f\u00fcr Ihren Lauf!\",\"publisher\":{\"@id\":\"https:\\\/\\\/www.ascona-locarno-run.ch\\\/#organization\"},\"potentialAction\":[{\"@type\":\"SearchAction\",\"target\":{\"@type\":\"EntryPoint\",\"urlTemplate\":\"https:\\\/\\\/www.ascona-locarno-run.ch\\\/?s={search_term_string}\"},\"query-input\":{\"@type\":\"PropertyValueSpecification\",\"valueRequired\":true,\"valueName\":\"search_term_string\"}}],\"inLanguage\":\"de\"},{\"@type\":\"Organization\",\"@id\":\"https:\\\/\\\/www.ascona-locarno-run.ch\\\/#organization\",\"name\":\"Ascona-Locarno Run\",\"url\":\"https:\\\/\\\/www.ascona-locarno-run.ch\\\/\",\"logo\":{\"@type\":\"ImageObject\",\"inLanguage\":\"de\",\"@id\":\"https:\\\/\\\/www.ascona-locarno-run.ch\\\/#\\\/schema\\\/logo\\\/image\\\/\",\"url\":\"https:\\\/\\\/www.ascona-locarno-run.ch\\\/wp-content\\\/uploads\\\/2024\\\/02\\\/logo-alr-colored.png\",\"contentUrl\":\"https:\\\/\\\/www.ascona-locarno-run.ch\\\/wp-content\\\/uploads\\\/2024\\\/02\\\/logo-alr-colored.png\",\"width\":800,\"height\":368,\"caption\":\"Ascona-Locarno Run\"},\"image\":{\"@id\":\"https:\\\/\\\/www.ascona-locarno-run.ch\\\/#\\\/schema\\\/logo\\\/image\\\/\"},\"sameAs\":[\"https:\\\/\\\/www.facebook.com\\\/AsconaLocarnoRun\\\/\",\"https:\\\/\\\/www.instagram.com\\\/ascona_locarno_run\\\/\"]},{\"@type\":\"Person\",\"@id\":\"https:\\\/\\\/www.ascona-locarno-run.ch\\\/#\\\/schema\\\/person\\\/efc25e412da67e885c643a5e5391e183\",\"name\":\"milena.marradi\",\"image\":{\"@type\":\"ImageObject\",\"inLanguage\":\"de\",\"@id\":\"https:\\\/\\\/secure.gravatar.com\\\/avatar\\\/c7408484ef5e0aa30e055bf5cb5bdddafc3f99f33648fa24f978808eae7feca2?s=96&d=mm&r=g\",\"url\":\"https:\\\/\\\/secure.gravatar.com\\\/avatar\\\/c7408484ef5e0aa30e055bf5cb5bdddafc3f99f33648fa24f978808eae7feca2?s=96&d=mm&r=g\",\"contentUrl\":\"https:\\\/\\\/secure.gravatar.com\\\/avatar\\\/c7408484ef5e0aa30e055bf5cb5bdddafc3f99f33648fa24f978808eae7feca2?s=96&d=mm&r=g\",\"caption\":\"milena.marradi\"}}]}<\/script>\n<!-- \/ Yoast SEO plugin. -->","yoast_head_json":{"title":"Auf die Pl\u00e4tze, fertig... LOS! - Ascona-Locarno Run","robots":{"index":"index","follow":"follow","max-snippet":"max-snippet:-1","max-image-preview":"max-image-preview:large","max-video-preview":"max-video-preview:-1"},"canonical":"https:\/\/www.ascona-locarno-run.ch\/de\/auf-die-plaetze-fertig-los\/","og_locale":"de_DE","og_type":"article","og_title":"Auf die Pl\u00e4tze, fertig... LOS! - Ascona-Locarno Run","og_url":"https:\/\/www.ascona-locarno-run.ch\/de\/auf-die-plaetze-fertig-los\/","og_site_name":"Ascona-Locarno Run","article_publisher":"https:\/\/www.facebook.com\/AsconaLocarnoRun\/","article_published_time":"2022-03-31T13:42:16+00:00","article_modified_time":"2022-03-31T14:09:00+00:00","og_image":[{"width":850,"height":567,"url":"https:\/\/www.ascona-locarno-run.ch\/wp-content\/uploads\/2022\/03\/iscrizioni-2022.jpg","type":"image\/jpeg"}],"author":"milena.marradi","twitter_card":"summary_large_image","twitter_misc":{"Verfasst von":"milena.marradi","Gesch\u00e4tzte Lesezeit":"9\u00a0Minuten"},"schema":{"@context":"https:\/\/schema.org","@graph":[{"@type":"Article","@id":"https:\/\/www.ascona-locarno-run.ch\/de\/auf-die-plaetze-fertig-los\/#article","isPartOf":{"@id":"https:\/\/www.ascona-locarno-run.ch\/de\/auf-die-plaetze-fertig-los\/"},"author":{"name":"milena.marradi","@id":"https:\/\/www.ascona-locarno-run.ch\/#\/schema\/person\/efc25e412da67e885c643a5e5391e183"},"headline":"Auf die Pl\u00e4tze, fertig&#8230; LOS!","datePublished":"2022-03-31T13:42:16+00:00","dateModified":"2022-03-31T14:09:00+00:00","mainEntityOfPage":{"@id":"https:\/\/www.ascona-locarno-run.ch\/de\/auf-die-plaetze-fertig-los\/"},"wordCount":1884,"commentCount":0,"publisher":{"@id":"https:\/\/www.ascona-locarno-run.ch\/#organization"},"image":{"@id":"https:\/\/www.ascona-locarno-run.ch\/de\/auf-die-plaetze-fertig-los\/#primaryimage"},"thumbnailUrl":"https:\/\/www.ascona-locarno-run.ch\/wp-content\/uploads\/2022\/03\/iscrizioni-2022.jpg","articleSection":["Home"],"inLanguage":"de","potentialAction":[{"@type":"CommentAction","name":"Comment","target":["https:\/\/www.ascona-locarno-run.ch\/de\/auf-die-plaetze-fertig-los\/#respond"]}]},{"@type":"WebPage","@id":"https:\/\/www.ascona-locarno-run.ch\/de\/auf-die-plaetze-fertig-los\/","url":"https:\/\/www.ascona-locarno-run.ch\/de\/auf-die-plaetze-fertig-los\/","name":"Auf die Pl\u00e4tze, fertig... LOS! - Ascona-Locarno Run","isPartOf":{"@id":"https:\/\/www.ascona-locarno-run.ch\/#website"},"primaryImageOfPage":{"@id":"https:\/\/www.ascona-locarno-run.ch\/de\/auf-die-plaetze-fertig-los\/#primaryimage"},"image":{"@id":"https:\/\/www.ascona-locarno-run.ch\/de\/auf-die-plaetze-fertig-los\/#primaryimage"},"thumbnailUrl":"https:\/\/www.ascona-locarno-run.ch\/wp-content\/uploads\/2022\/03\/iscrizioni-2022.jpg","datePublished":"2022-03-31T13:42:16+00:00","dateModified":"2022-03-31T14:09:00+00:00","breadcrumb":{"@id":"https:\/\/www.ascona-locarno-run.ch\/de\/auf-die-plaetze-fertig-los\/#breadcrumb"},"inLanguage":"de","potentialAction":[{"@type":"ReadAction","target":["https:\/\/www.ascona-locarno-run.ch\/de\/auf-die-plaetze-fertig-los\/"]}]},{"@type":"ImageObject","inLanguage":"de","@id":"https:\/\/www.ascona-locarno-run.ch\/de\/auf-die-plaetze-fertig-los\/#primaryimage","url":"https:\/\/www.ascona-locarno-run.ch\/wp-content\/uploads\/2022\/03\/iscrizioni-2022.jpg","contentUrl":"https:\/\/www.ascona-locarno-run.ch\/wp-content\/uploads\/2022\/03\/iscrizioni-2022.jpg","width":850,"height":567},{"@type":"BreadcrumbList","@id":"https:\/\/www.ascona-locarno-run.ch\/de\/auf-die-plaetze-fertig-los\/#breadcrumb","itemListElement":[{"@type":"ListItem","position":1,"name":"Home","item":"https:\/\/www.ascona-locarno-run.ch\/de\/"},{"@type":"ListItem","position":2,"name":"Auf die Pl\u00e4tze, fertig&#8230; LOS!"}]},{"@type":"WebSite","@id":"https:\/\/www.ascona-locarno-run.ch\/#website","url":"https:\/\/www.ascona-locarno-run.ch\/","name":"Ascona-Locarno Run","description":"Der perfekte Ort f\u00fcr Ihren Lauf!","publisher":{"@id":"https:\/\/www.ascona-locarno-run.ch\/#organization"},"potentialAction":[{"@type":"SearchAction","target":{"@type":"EntryPoint","urlTemplate":"https:\/\/www.ascona-locarno-run.ch\/?s={search_term_string}"},"query-input":{"@type":"PropertyValueSpecification","valueRequired":true,"valueName":"search_term_string"}}],"inLanguage":"de"},{"@type":"Organization","@id":"https:\/\/www.ascona-locarno-run.ch\/#organization","name":"Ascona-Locarno Run","url":"https:\/\/www.ascona-locarno-run.ch\/","logo":{"@type":"ImageObject","inLanguage":"de","@id":"https:\/\/www.ascona-locarno-run.ch\/#\/schema\/logo\/image\/","url":"https:\/\/www.ascona-locarno-run.ch\/wp-content\/uploads\/2024\/02\/logo-alr-colored.png","contentUrl":"https:\/\/www.ascona-locarno-run.ch\/wp-content\/uploads\/2024\/02\/logo-alr-colored.png","width":800,"height":368,"caption":"Ascona-Locarno Run"},"image":{"@id":"https:\/\/www.ascona-locarno-run.ch\/#\/schema\/logo\/image\/"},"sameAs":["https:\/\/www.facebook.com\/AsconaLocarnoRun\/","https:\/\/www.instagram.com\/ascona_locarno_run\/"]},{"@type":"Person","@id":"https:\/\/www.ascona-locarno-run.ch\/#\/schema\/person\/efc25e412da67e885c643a5e5391e183","name":"milena.marradi","image":{"@type":"ImageObject","inLanguage":"de","@id":"https:\/\/secure.gravatar.com\/avatar\/c7408484ef5e0aa30e055bf5cb5bdddafc3f99f33648fa24f978808eae7feca2?s=96&d=mm&r=g","url":"https:\/\/secure.gravatar.com\/avatar\/c7408484ef5e0aa30e055bf5cb5bdddafc3f99f33648fa24f978808eae7feca2?s=96&d=mm&r=g","contentUrl":"https:\/\/secure.gravatar.com\/avatar\/c7408484ef5e0aa30e055bf5cb5bdddafc3f99f33648fa24f978808eae7feca2?s=96&d=mm&r=g","caption":"milena.marradi"}}]}},"_links":{"self":[{"href":"https:\/\/www.ascona-locarno-run.ch\/de\/wp-json\/wp\/v2\/posts\/23696","targetHints":{"allow":["GET"]}}],"collection":[{"href":"https:\/\/www.ascona-locarno-run.ch\/de\/wp-json\/wp\/v2\/posts"}],"about":[{"href":"https:\/\/www.ascona-locarno-run.ch\/de\/wp-json\/wp\/v2\/types\/post"}],"author":[{"embeddable":true,"href":"https:\/\/www.ascona-locarno-run.ch\/de\/wp-json\/wp\/v2\/users\/8"}],"replies":[{"embeddable":true,"href":"https:\/\/www.ascona-locarno-run.ch\/de\/wp-json\/wp\/v2\/comments?post=23696"}],"version-history":[{"count":10,"href":"https:\/\/www.ascona-locarno-run.ch\/de\/wp-json\/wp\/v2\/posts\/23696\/revisions"}],"predecessor-version":[{"id":23721,"href":"https:\/\/www.ascona-locarno-run.ch\/de\/wp-json\/wp\/v2\/posts\/23696\/revisions\/23721"}],"wp:featuredmedia":[{"embeddable":true,"href":"https:\/\/www.ascona-locarno-run.ch\/de\/wp-json\/wp\/v2\/media\/23692"}],"wp:attachment":[{"href":"https:\/\/www.ascona-locarno-run.ch\/de\/wp-json\/wp\/v2\/media?parent=23696"}],"wp:term":[{"taxonomy":"category","embeddable":true,"href":"https:\/\/www.ascona-locarno-run.ch\/de\/wp-json\/wp\/v2\/categories?post=23696"},{"taxonomy":"post_tag","embeddable":true,"href":"https:\/\/www.ascona-locarno-run.ch\/de\/wp-json\/wp\/v2\/tags?post=23696"}],"curies":[{"name":"wp","href":"https:\/\/api.w.org\/{rel}","templated":true}]}}