{"id":23037,"date":"2021-12-20T11:55:56","date_gmt":"2021-12-20T10:55:56","guid":{"rendered":"https:\/\/www.ascona-locarno-run.ch\/auguri\/"},"modified":"2021-12-20T16:05:47","modified_gmt":"2021-12-20T15:05:47","slug":"wir-wuenschen-ihnen-ein-unvergessliches-nachhaltiges-jahr","status":"publish","type":"post","link":"https:\/\/www.ascona-locarno-run.ch\/de\/wir-wuenschen-ihnen-ein-unvergessliches-nachhaltiges-jahr\/","title":{"rendered":"Wir w\u00fcnschen Ihnen ein unvergessliches, nachhaltiges Jahr"},"content":{"rendered":"<h3>Wir w\u00fcnschen Ihnen ein unvergessliches, nachhaltiges Jahr, vom Gr\u00fcn des T-Shirts &#x1f600; bis zum Swiss Runners Ticket! Entscheiden Sie sich f\u00fcr Nachhaltigkeit und bewirken Sie etwas!<\/h3>\n<p><strong>Wir sehen uns am 15. und 16. Oktober 2022 und freuen uns auf ein Wiedersehen mit Ihnen!<\/strong><\/p>\n","protected":false},"excerpt":{"rendered":"<p>Wir w\u00fcnschen Ihnen ein unvergessliches, nachhaltiges Jahr, vom Gr\u00fcn des T-Shirts &#x1f600; bis zum Swiss Runners Ticket! Entscheiden Sie sich f\u00fcr Nachhaltigkeit und bewirken Sie etwas! Wir sehen uns am 15. und 16. Oktober 2022 und freuen uns auf ein Wiedersehen mit Ihnen!<\/p>\n","protected":false},"author":8,"featured_media":23020,"comment_status":"open","ping_status":"open","sticky":false,"template":"","format":"standard","meta":{"footnotes":""},"categories":[153],"tags":[],"class_list":["post-23037","post","type-post","status-publish","format-standard","has-post-thumbnail","hentry","category-home-de"],"yoast_head":"<!-- This site is optimized with the Yoast SEO plugin v27.5 - https:\/\/yoast.com\/product\/yoast-seo-wordpress\/ -->\n<title>Wir w\u00fcnschen Ihnen ein unvergessliches, nachhaltiges Jahr - Ascona-Locarno Run<\/title>\n<meta name=\"robots\" content=\"index, follow, max-snippet:-1, max-image-preview:large, max-video-preview:-1\" \/>\n<link rel=\"canonical\" href=\"https:\/\/www.ascona-locarno-run.ch\/de\/wir-wuenschen-ihnen-ein-unvergessliches-nachhaltiges-jahr\/\" \/>\n<meta property=\"og:locale\" content=\"de_DE\" \/>\n<meta property=\"og:type\" content=\"article\" \/>\n<meta property=\"og:title\" content=\"Wir w\u00fcnschen Ihnen ein unvergessliches, nachhaltiges Jahr - Ascona-Locarno Run\" \/>\n<meta property=\"og:description\" content=\"Wir w\u00fcnschen Ihnen ein unvergessliches, nachhaltiges Jahr, vom Gr\u00fcn des T-Shirts &#x1f600; bis zum Swiss Runners Ticket! Entscheiden Sie sich f\u00fcr Nachhaltigkeit und bewirken Sie etwas! Wir sehen uns am 15. und 16. Oktober 2022 und freuen uns auf ein Wiedersehen mit Ihnen!\" \/>\n<meta property=\"og:url\" content=\"https:\/\/www.ascona-locarno-run.ch\/de\/wir-wuenschen-ihnen-ein-unvergessliches-nachhaltiges-jahr\/\" \/>\n<meta property=\"og:site_name\" content=\"Ascona-Locarno Run\" \/>\n<meta property=\"article:publisher\" content=\"https:\/\/www.facebook.com\/AsconaLocarnoRun\/\" \/>\n<meta property=\"article:published_time\" content=\"2021-12-20T10:55:56+00:00\" \/>\n<meta property=\"article:modified_time\" content=\"2021-12-20T15:05:47+00:00\" \/>\n<meta property=\"og:image\" content=\"https:\/\/www.ascona-locarno-run.ch\/wp-content\/uploads\/2021\/12\/natale-DE.jpeg\" \/>\n\t<meta property=\"og:image:width\" content=\"800\" \/>\n\t<meta property=\"og:image:height\" content=\"533\" \/>\n\t<meta property=\"og:image:type\" content=\"image\/jpeg\" \/>\n<meta name=\"author\" content=\"milena.marradi\" \/>\n<meta name=\"twitter:card\" content=\"summary_large_image\" \/>\n<meta name=\"twitter:label1\" content=\"Verfasst von\" \/>\n\t<meta name=\"twitter:data1\" content=\"milena.marradi\" \/>\n<script type=\"application\/ld+json\" class=\"yoast-schema-graph\">{\"@context\":\"https:\\\/\\\/schema.org\",\"@graph\":[{\"@type\":\"Article\",\"@id\":\"https:\\\/\\\/www.ascona-locarno-run.ch\\\/de\\\/wir-wuenschen-ihnen-ein-unvergessliches-nachhaltiges-jahr\\\/#article\",\"isPartOf\":{\"@id\":\"https:\\\/\\\/www.ascona-locarno-run.ch\\\/de\\\/wir-wuenschen-ihnen-ein-unvergessliches-nachhaltiges-jahr\\\/\"},\"author\":{\"name\":\"milena.marradi\",\"@id\":\"https:\\\/\\\/www.ascona-locarno-run.ch\\\/#\\\/schema\\\/person\\\/efc25e412da67e885c643a5e5391e183\"},\"headline\":\"Wir w\u00fcnschen Ihnen ein unvergessliches, nachhaltiges Jahr\",\"datePublished\":\"2021-12-20T10:55:56+00:00\",\"dateModified\":\"2021-12-20T15:05:47+00:00\",\"mainEntityOfPage\":{\"@id\":\"https:\\\/\\\/www.ascona-locarno-run.ch\\\/de\\\/wir-wuenschen-ihnen-ein-unvergessliches-nachhaltiges-jahr\\\/\"},\"wordCount\":52,\"commentCount\":0,\"publisher\":{\"@id\":\"https:\\\/\\\/www.ascona-locarno-run.ch\\\/#organization\"},\"image\":{\"@id\":\"https:\\\/\\\/www.ascona-locarno-run.ch\\\/de\\\/wir-wuenschen-ihnen-ein-unvergessliches-nachhaltiges-jahr\\\/#primaryimage\"},\"thumbnailUrl\":\"https:\\\/\\\/www.ascona-locarno-run.ch\\\/wp-content\\\/uploads\\\/2021\\\/12\\\/natale-DE.jpeg\",\"articleSection\":[\"Home\"],\"inLanguage\":\"de\",\"potentialAction\":[{\"@type\":\"CommentAction\",\"name\":\"Comment\",\"target\":[\"https:\\\/\\\/www.ascona-locarno-run.ch\\\/de\\\/wir-wuenschen-ihnen-ein-unvergessliches-nachhaltiges-jahr\\\/#respond\"]}]},{\"@type\":\"WebPage\",\"@id\":\"https:\\\/\\\/www.ascona-locarno-run.ch\\\/de\\\/wir-wuenschen-ihnen-ein-unvergessliches-nachhaltiges-jahr\\\/\",\"url\":\"https:\\\/\\\/www.ascona-locarno-run.ch\\\/de\\\/wir-wuenschen-ihnen-ein-unvergessliches-nachhaltiges-jahr\\\/\",\"name\":\"Wir w\u00fcnschen Ihnen ein unvergessliches, nachhaltiges Jahr - Ascona-Locarno Run\",\"isPartOf\":{\"@id\":\"https:\\\/\\\/www.ascona-locarno-run.ch\\\/#website\"},\"primaryImageOfPage\":{\"@id\":\"https:\\\/\\\/www.ascona-locarno-run.ch\\\/de\\\/wir-wuenschen-ihnen-ein-unvergessliches-nachhaltiges-jahr\\\/#primaryimage\"},\"image\":{\"@id\":\"https:\\\/\\\/www.ascona-locarno-run.ch\\\/de\\\/wir-wuenschen-ihnen-ein-unvergessliches-nachhaltiges-jahr\\\/#primaryimage\"},\"thumbnailUrl\":\"https:\\\/\\\/www.ascona-locarno-run.ch\\\/wp-content\\\/uploads\\\/2021\\\/12\\\/natale-DE.jpeg\",\"datePublished\":\"2021-12-20T10:55:56+00:00\",\"dateModified\":\"2021-12-20T15:05:47+00:00\",\"breadcrumb\":{\"@id\":\"https:\\\/\\\/www.ascona-locarno-run.ch\\\/de\\\/wir-wuenschen-ihnen-ein-unvergessliches-nachhaltiges-jahr\\\/#breadcrumb\"},\"inLanguage\":\"de\",\"potentialAction\":[{\"@type\":\"ReadAction\",\"target\":[\"https:\\\/\\\/www.ascona-locarno-run.ch\\\/de\\\/wir-wuenschen-ihnen-ein-unvergessliches-nachhaltiges-jahr\\\/\"]}]},{\"@type\":\"ImageObject\",\"inLanguage\":\"de\",\"@id\":\"https:\\\/\\\/www.ascona-locarno-run.ch\\\/de\\\/wir-wuenschen-ihnen-ein-unvergessliches-nachhaltiges-jahr\\\/#primaryimage\",\"url\":\"https:\\\/\\\/www.ascona-locarno-run.ch\\\/wp-content\\\/uploads\\\/2021\\\/12\\\/natale-DE.jpeg\",\"contentUrl\":\"https:\\\/\\\/www.ascona-locarno-run.ch\\\/wp-content\\\/uploads\\\/2021\\\/12\\\/natale-DE.jpeg\",\"width\":800,\"height\":533},{\"@type\":\"BreadcrumbList\",\"@id\":\"https:\\\/\\\/www.ascona-locarno-run.ch\\\/de\\\/wir-wuenschen-ihnen-ein-unvergessliches-nachhaltiges-jahr\\\/#breadcrumb\",\"itemListElement\":[{\"@type\":\"ListItem\",\"position\":1,\"name\":\"Home\",\"item\":\"https:\\\/\\\/www.ascona-locarno-run.ch\\\/de\\\/\"},{\"@type\":\"ListItem\",\"position\":2,\"name\":\"Wir w\u00fcnschen Ihnen ein unvergessliches, nachhaltiges Jahr\"}]},{\"@type\":\"WebSite\",\"@id\":\"https:\\\/\\\/www.ascona-locarno-run.ch\\\/#website\",\"url\":\"https:\\\/\\\/www.ascona-locarno-run.ch\\\/\",\"name\":\"Ascona-Locarno Run\",\"description\":\"Der perfekte Ort f\u00fcr Ihren Lauf!\",\"publisher\":{\"@id\":\"https:\\\/\\\/www.ascona-locarno-run.ch\\\/#organization\"},\"potentialAction\":[{\"@type\":\"SearchAction\",\"target\":{\"@type\":\"EntryPoint\",\"urlTemplate\":\"https:\\\/\\\/www.ascona-locarno-run.ch\\\/?s={search_term_string}\"},\"query-input\":{\"@type\":\"PropertyValueSpecification\",\"valueRequired\":true,\"valueName\":\"search_term_string\"}}],\"inLanguage\":\"de\"},{\"@type\":\"Organization\",\"@id\":\"https:\\\/\\\/www.ascona-locarno-run.ch\\\/#organization\",\"name\":\"Ascona-Locarno Run\",\"url\":\"https:\\\/\\\/www.ascona-locarno-run.ch\\\/\",\"logo\":{\"@type\":\"ImageObject\",\"inLanguage\":\"de\",\"@id\":\"https:\\\/\\\/www.ascona-locarno-run.ch\\\/#\\\/schema\\\/logo\\\/image\\\/\",\"url\":\"https:\\\/\\\/www.ascona-locarno-run.ch\\\/wp-content\\\/uploads\\\/2024\\\/02\\\/logo-alr-colored.png\",\"contentUrl\":\"https:\\\/\\\/www.ascona-locarno-run.ch\\\/wp-content\\\/uploads\\\/2024\\\/02\\\/logo-alr-colored.png\",\"width\":800,\"height\":368,\"caption\":\"Ascona-Locarno Run\"},\"image\":{\"@id\":\"https:\\\/\\\/www.ascona-locarno-run.ch\\\/#\\\/schema\\\/logo\\\/image\\\/\"},\"sameAs\":[\"https:\\\/\\\/www.facebook.com\\\/AsconaLocarnoRun\\\/\",\"https:\\\/\\\/www.instagram.com\\\/ascona_locarno_run\\\/\"]},{\"@type\":\"Person\",\"@id\":\"https:\\\/\\\/www.ascona-locarno-run.ch\\\/#\\\/schema\\\/person\\\/efc25e412da67e885c643a5e5391e183\",\"name\":\"milena.marradi\",\"image\":{\"@type\":\"ImageObject\",\"inLanguage\":\"de\",\"@id\":\"https:\\\/\\\/secure.gravatar.com\\\/avatar\\\/c7408484ef5e0aa30e055bf5cb5bdddafc3f99f33648fa24f978808eae7feca2?s=96&d=mm&r=g\",\"url\":\"https:\\\/\\\/secure.gravatar.com\\\/avatar\\\/c7408484ef5e0aa30e055bf5cb5bdddafc3f99f33648fa24f978808eae7feca2?s=96&d=mm&r=g\",\"contentUrl\":\"https:\\\/\\\/secure.gravatar.com\\\/avatar\\\/c7408484ef5e0aa30e055bf5cb5bdddafc3f99f33648fa24f978808eae7feca2?s=96&d=mm&r=g\",\"caption\":\"milena.marradi\"}}]}<\/script>\n<!-- \/ Yoast SEO plugin. -->","yoast_head_json":{"title":"Wir w\u00fcnschen Ihnen ein unvergessliches, nachhaltiges Jahr - Ascona-Locarno Run","robots":{"index":"index","follow":"follow","max-snippet":"max-snippet:-1","max-image-preview":"max-image-preview:large","max-video-preview":"max-video-preview:-1"},"canonical":"https:\/\/www.ascona-locarno-run.ch\/de\/wir-wuenschen-ihnen-ein-unvergessliches-nachhaltiges-jahr\/","og_locale":"de_DE","og_type":"article","og_title":"Wir w\u00fcnschen Ihnen ein unvergessliches, nachhaltiges Jahr - Ascona-Locarno Run","og_description":"Wir w\u00fcnschen Ihnen ein unvergessliches, nachhaltiges Jahr, vom Gr\u00fcn des T-Shirts &#x1f600; bis zum Swiss Runners Ticket! Entscheiden Sie sich f\u00fcr Nachhaltigkeit und bewirken Sie etwas! Wir sehen uns am 15. und 16. Oktober 2022 und freuen uns auf ein Wiedersehen mit Ihnen!","og_url":"https:\/\/www.ascona-locarno-run.ch\/de\/wir-wuenschen-ihnen-ein-unvergessliches-nachhaltiges-jahr\/","og_site_name":"Ascona-Locarno Run","article_publisher":"https:\/\/www.facebook.com\/AsconaLocarnoRun\/","article_published_time":"2021-12-20T10:55:56+00:00","article_modified_time":"2021-12-20T15:05:47+00:00","og_image":[{"width":800,"height":533,"url":"https:\/\/www.ascona-locarno-run.ch\/wp-content\/uploads\/2021\/12\/natale-DE.jpeg","type":"image\/jpeg"}],"author":"milena.marradi","twitter_card":"summary_large_image","twitter_misc":{"Verfasst von":"milena.marradi"},"schema":{"@context":"https:\/\/schema.org","@graph":[{"@type":"Article","@id":"https:\/\/www.ascona-locarno-run.ch\/de\/wir-wuenschen-ihnen-ein-unvergessliches-nachhaltiges-jahr\/#article","isPartOf":{"@id":"https:\/\/www.ascona-locarno-run.ch\/de\/wir-wuenschen-ihnen-ein-unvergessliches-nachhaltiges-jahr\/"},"author":{"name":"milena.marradi","@id":"https:\/\/www.ascona-locarno-run.ch\/#\/schema\/person\/efc25e412da67e885c643a5e5391e183"},"headline":"Wir w\u00fcnschen Ihnen ein unvergessliches, nachhaltiges Jahr","datePublished":"2021-12-20T10:55:56+00:00","dateModified":"2021-12-20T15:05:47+00:00","mainEntityOfPage":{"@id":"https:\/\/www.ascona-locarno-run.ch\/de\/wir-wuenschen-ihnen-ein-unvergessliches-nachhaltiges-jahr\/"},"wordCount":52,"commentCount":0,"publisher":{"@id":"https:\/\/www.ascona-locarno-run.ch\/#organization"},"image":{"@id":"https:\/\/www.ascona-locarno-run.ch\/de\/wir-wuenschen-ihnen-ein-unvergessliches-nachhaltiges-jahr\/#primaryimage"},"thumbnailUrl":"https:\/\/www.ascona-locarno-run.ch\/wp-content\/uploads\/2021\/12\/natale-DE.jpeg","articleSection":["Home"],"inLanguage":"de","potentialAction":[{"@type":"CommentAction","name":"Comment","target":["https:\/\/www.ascona-locarno-run.ch\/de\/wir-wuenschen-ihnen-ein-unvergessliches-nachhaltiges-jahr\/#respond"]}]},{"@type":"WebPage","@id":"https:\/\/www.ascona-locarno-run.ch\/de\/wir-wuenschen-ihnen-ein-unvergessliches-nachhaltiges-jahr\/","url":"https:\/\/www.ascona-locarno-run.ch\/de\/wir-wuenschen-ihnen-ein-unvergessliches-nachhaltiges-jahr\/","name":"Wir w\u00fcnschen Ihnen ein unvergessliches, nachhaltiges Jahr - Ascona-Locarno Run","isPartOf":{"@id":"https:\/\/www.ascona-locarno-run.ch\/#website"},"primaryImageOfPage":{"@id":"https:\/\/www.ascona-locarno-run.ch\/de\/wir-wuenschen-ihnen-ein-unvergessliches-nachhaltiges-jahr\/#primaryimage"},"image":{"@id":"https:\/\/www.ascona-locarno-run.ch\/de\/wir-wuenschen-ihnen-ein-unvergessliches-nachhaltiges-jahr\/#primaryimage"},"thumbnailUrl":"https:\/\/www.ascona-locarno-run.ch\/wp-content\/uploads\/2021\/12\/natale-DE.jpeg","datePublished":"2021-12-20T10:55:56+00:00","dateModified":"2021-12-20T15:05:47+00:00","breadcrumb":{"@id":"https:\/\/www.ascona-locarno-run.ch\/de\/wir-wuenschen-ihnen-ein-unvergessliches-nachhaltiges-jahr\/#breadcrumb"},"inLanguage":"de","potentialAction":[{"@type":"ReadAction","target":["https:\/\/www.ascona-locarno-run.ch\/de\/wir-wuenschen-ihnen-ein-unvergessliches-nachhaltiges-jahr\/"]}]},{"@type":"ImageObject","inLanguage":"de","@id":"https:\/\/www.ascona-locarno-run.ch\/de\/wir-wuenschen-ihnen-ein-unvergessliches-nachhaltiges-jahr\/#primaryimage","url":"https:\/\/www.ascona-locarno-run.ch\/wp-content\/uploads\/2021\/12\/natale-DE.jpeg","contentUrl":"https:\/\/www.ascona-locarno-run.ch\/wp-content\/uploads\/2021\/12\/natale-DE.jpeg","width":800,"height":533},{"@type":"BreadcrumbList","@id":"https:\/\/www.ascona-locarno-run.ch\/de\/wir-wuenschen-ihnen-ein-unvergessliches-nachhaltiges-jahr\/#breadcrumb","itemListElement":[{"@type":"ListItem","position":1,"name":"Home","item":"https:\/\/www.ascona-locarno-run.ch\/de\/"},{"@type":"ListItem","position":2,"name":"Wir w\u00fcnschen Ihnen ein unvergessliches, nachhaltiges Jahr"}]},{"@type":"WebSite","@id":"https:\/\/www.ascona-locarno-run.ch\/#website","url":"https:\/\/www.ascona-locarno-run.ch\/","name":"Ascona-Locarno Run","description":"Der perfekte Ort f\u00fcr Ihren Lauf!","publisher":{"@id":"https:\/\/www.ascona-locarno-run.ch\/#organization"},"potentialAction":[{"@type":"SearchAction","target":{"@type":"EntryPoint","urlTemplate":"https:\/\/www.ascona-locarno-run.ch\/?s={search_term_string}"},"query-input":{"@type":"PropertyValueSpecification","valueRequired":true,"valueName":"search_term_string"}}],"inLanguage":"de"},{"@type":"Organization","@id":"https:\/\/www.ascona-locarno-run.ch\/#organization","name":"Ascona-Locarno Run","url":"https:\/\/www.ascona-locarno-run.ch\/","logo":{"@type":"ImageObject","inLanguage":"de","@id":"https:\/\/www.ascona-locarno-run.ch\/#\/schema\/logo\/image\/","url":"https:\/\/www.ascona-locarno-run.ch\/wp-content\/uploads\/2024\/02\/logo-alr-colored.png","contentUrl":"https:\/\/www.ascona-locarno-run.ch\/wp-content\/uploads\/2024\/02\/logo-alr-colored.png","width":800,"height":368,"caption":"Ascona-Locarno Run"},"image":{"@id":"https:\/\/www.ascona-locarno-run.ch\/#\/schema\/logo\/image\/"},"sameAs":["https:\/\/www.facebook.com\/AsconaLocarnoRun\/","https:\/\/www.instagram.com\/ascona_locarno_run\/"]},{"@type":"Person","@id":"https:\/\/www.ascona-locarno-run.ch\/#\/schema\/person\/efc25e412da67e885c643a5e5391e183","name":"milena.marradi","image":{"@type":"ImageObject","inLanguage":"de","@id":"https:\/\/secure.gravatar.com\/avatar\/c7408484ef5e0aa30e055bf5cb5bdddafc3f99f33648fa24f978808eae7feca2?s=96&d=mm&r=g","url":"https:\/\/secure.gravatar.com\/avatar\/c7408484ef5e0aa30e055bf5cb5bdddafc3f99f33648fa24f978808eae7feca2?s=96&d=mm&r=g","contentUrl":"https:\/\/secure.gravatar.com\/avatar\/c7408484ef5e0aa30e055bf5cb5bdddafc3f99f33648fa24f978808eae7feca2?s=96&d=mm&r=g","caption":"milena.marradi"}}]}},"_links":{"self":[{"href":"https:\/\/www.ascona-locarno-run.ch\/de\/wp-json\/wp\/v2\/posts\/23037","targetHints":{"allow":["GET"]}}],"collection":[{"href":"https:\/\/www.ascona-locarno-run.ch\/de\/wp-json\/wp\/v2\/posts"}],"about":[{"href":"https:\/\/www.ascona-locarno-run.ch\/de\/wp-json\/wp\/v2\/types\/post"}],"author":[{"embeddable":true,"href":"https:\/\/www.ascona-locarno-run.ch\/de\/wp-json\/wp\/v2\/users\/8"}],"replies":[{"embeddable":true,"href":"https:\/\/www.ascona-locarno-run.ch\/de\/wp-json\/wp\/v2\/comments?post=23037"}],"version-history":[{"count":3,"href":"https:\/\/www.ascona-locarno-run.ch\/de\/wp-json\/wp\/v2\/posts\/23037\/revisions"}],"predecessor-version":[{"id":23043,"href":"https:\/\/www.ascona-locarno-run.ch\/de\/wp-json\/wp\/v2\/posts\/23037\/revisions\/23043"}],"wp:featuredmedia":[{"embeddable":true,"href":"https:\/\/www.ascona-locarno-run.ch\/de\/wp-json\/wp\/v2\/media\/23020"}],"wp:attachment":[{"href":"https:\/\/www.ascona-locarno-run.ch\/de\/wp-json\/wp\/v2\/media?parent=23037"}],"wp:term":[{"taxonomy":"category","embeddable":true,"href":"https:\/\/www.ascona-locarno-run.ch\/de\/wp-json\/wp\/v2\/categories?post=23037"},{"taxonomy":"post_tag","embeddable":true,"href":"https:\/\/www.ascona-locarno-run.ch\/de\/wp-json\/wp\/v2\/tags?post=23037"}],"curies":[{"name":"wp","href":"https:\/\/api.w.org\/{rel}","templated":true}]}}