{"id":22210,"date":"2021-09-27T18:56:40","date_gmt":"2021-09-27T16:56:40","guid":{"rendered":"https:\/\/www.ascona-locarno-run.ch\/be-social\/"},"modified":"2021-09-27T19:00:35","modified_gmt":"2021-09-27T17:00:35","slug":"be-social","status":"publish","type":"post","link":"https:\/\/www.ascona-locarno-run.ch\/de\/be-social\/","title":{"rendered":"BE SOCIAL!"},"content":{"rendered":"<p><em>Gutes zu tun ist gut! Am 16. und 17. Oktober findet der Ascona-Locarno-Lauf statt:<\/em><\/p>\n<p><a href=\"https:\/\/www.all4allticino.ch\/\" target=\"_blank\" rel=\"noopener\"><strong><em>All4All<\/em><\/strong><\/a><em>, Sie werden den 10-km-Lauf beim Ascona-Locarno Run absolvieren und diejenigen anfeuern und betreuen, die nicht mitlaufen k\u00f6nnen. &#8222;Dank der Gro\u00dfz\u00fcgigkeit unserer Unterst\u00fctzer sind wir in der Lage, &#8222;Laufen zu spenden&#8220;, und zwar mit jenem Paket an Emotionen, das nur diejenigen kennen, die das Rennen beendet haben&#8230;&#8220;<\/em><\/p>\n<p><em><strong><a href=\"https:\/\/unagoccianelmare.ch\/\" target=\"_blank\" rel=\"noopener\">Una goccia nel mare<\/a>\u00a0 <\/strong>(Ein Tropfen auf den hei\u00dfen Stein): &#8222;Eine kleine Geste kann viel bewirken. Wir leben alle auf demselben Planeten, aber wir haben nicht alle die gleichen M\u00f6glichkeiten&#8220;. Es handelt sich um einen gemeinn\u00fctzigen Verein, der Spenden f\u00fcr Organisationen oder bed\u00fcrftige Menschen in der ganzen Welt sammelt.<\/em><\/p>\n<p><em><a href=\"https:\/\/ticino.legacancro.ch\/\" target=\"_blank\" rel=\"noopener\"><strong>Lega ticinese contro il cancro<\/strong><\/a> (Tessiner Krebsliga): &#8222;Das gr\u00f6\u00dfte Anliegen der Lega ticinese contro il cancro ist es, den Kranken und ihren Angeh\u00f6rigen eine herzliche Umarmung zu bieten und die Last zu erleichtern, die eine schwere Krankheit mit sich bringt.&#8220;\u00a0<\/em><\/p>\n<p><em>Wir w\u00fcrden uns freuen, Sie auf der Piazza Grande begr\u00fc\u00dfen zu d\u00fcrfen, um Ihnen diese Vereine vorzustellen!<\/em><\/p>\n","protected":false},"excerpt":{"rendered":"<p>Gutes zu tun ist gut! Am 16. und 17. Oktober findet der Ascona-Locarno-Lauf statt: All4All, Sie werden den 10-km-Lauf beim Ascona-Locarno Run absolvieren und diejenigen anfeuern und betreuen, die nicht mitlaufen k\u00f6nnen. &#8222;Dank der Gro\u00dfz\u00fcgigkeit unserer Unterst\u00fctzer sind wir in der Lage, &#8222;Laufen zu spenden&#8220;, und zwar mit jenem Paket an Emotionen, das nur diejenigen  [&#8230;]<\/p>\n","protected":false},"author":8,"featured_media":22205,"comment_status":"open","ping_status":"open","sticky":false,"template":"","format":"standard","meta":{"footnotes":""},"categories":[153],"tags":[],"class_list":["post-22210","post","type-post","status-publish","format-standard","has-post-thumbnail","hentry","category-home-de"],"yoast_head":"<!-- This site is optimized with the Yoast SEO plugin v27.5 - https:\/\/yoast.com\/product\/yoast-seo-wordpress\/ -->\n<title>BE SOCIAL! - Ascona-Locarno Run<\/title>\n<meta name=\"robots\" content=\"index, follow, max-snippet:-1, max-image-preview:large, max-video-preview:-1\" \/>\n<link rel=\"canonical\" href=\"https:\/\/www.ascona-locarno-run.ch\/de\/be-social\/\" \/>\n<meta property=\"og:locale\" content=\"de_DE\" \/>\n<meta property=\"og:type\" content=\"article\" \/>\n<meta property=\"og:title\" content=\"BE SOCIAL! - Ascona-Locarno Run\" \/>\n<meta property=\"og:description\" content=\"Gutes zu tun ist gut! Am 16. und 17. Oktober findet der Ascona-Locarno-Lauf statt: All4All, Sie werden den 10-km-Lauf beim Ascona-Locarno Run absolvieren und diejenigen anfeuern und betreuen, die nicht mitlaufen k\u00f6nnen. &#8222;Dank der Gro\u00dfz\u00fcgigkeit unserer Unterst\u00fctzer sind wir in der Lage, &#8222;Laufen zu spenden&#8220;, und zwar mit jenem Paket an Emotionen, das nur diejenigen [...]\" \/>\n<meta property=\"og:url\" content=\"https:\/\/www.ascona-locarno-run.ch\/de\/be-social\/\" \/>\n<meta property=\"og:site_name\" content=\"Ascona-Locarno Run\" \/>\n<meta property=\"article:publisher\" content=\"https:\/\/www.facebook.com\/AsconaLocarnoRun\/\" \/>\n<meta property=\"article:published_time\" content=\"2021-09-27T16:56:40+00:00\" \/>\n<meta property=\"article:modified_time\" content=\"2021-09-27T17:00:35+00:00\" \/>\n<meta property=\"og:image\" content=\"https:\/\/www.ascona-locarno-run.ch\/wp-content\/uploads\/2021\/09\/charity.jpg\" \/>\n\t<meta property=\"og:image:width\" content=\"799\" \/>\n\t<meta property=\"og:image:height\" content=\"533\" \/>\n\t<meta property=\"og:image:type\" content=\"image\/jpeg\" \/>\n<meta name=\"author\" content=\"milena.marradi\" \/>\n<meta name=\"twitter:card\" content=\"summary_large_image\" \/>\n<meta name=\"twitter:label1\" content=\"Verfasst von\" \/>\n\t<meta name=\"twitter:data1\" content=\"milena.marradi\" \/>\n\t<meta name=\"twitter:label2\" content=\"Gesch\u00e4tzte Lesezeit\" \/>\n\t<meta name=\"twitter:data2\" content=\"1\u00a0Minute\" \/>\n<script type=\"application\/ld+json\" class=\"yoast-schema-graph\">{\"@context\":\"https:\\\/\\\/schema.org\",\"@graph\":[{\"@type\":\"Article\",\"@id\":\"https:\\\/\\\/www.ascona-locarno-run.ch\\\/de\\\/be-social\\\/#article\",\"isPartOf\":{\"@id\":\"https:\\\/\\\/www.ascona-locarno-run.ch\\\/de\\\/be-social\\\/\"},\"author\":{\"name\":\"milena.marradi\",\"@id\":\"https:\\\/\\\/www.ascona-locarno-run.ch\\\/#\\\/schema\\\/person\\\/efc25e412da67e885c643a5e5391e183\"},\"headline\":\"BE SOCIAL!\",\"datePublished\":\"2021-09-27T16:56:40+00:00\",\"dateModified\":\"2021-09-27T17:00:35+00:00\",\"mainEntityOfPage\":{\"@id\":\"https:\\\/\\\/www.ascona-locarno-run.ch\\\/de\\\/be-social\\\/\"},\"wordCount\":182,\"commentCount\":0,\"publisher\":{\"@id\":\"https:\\\/\\\/www.ascona-locarno-run.ch\\\/#organization\"},\"image\":{\"@id\":\"https:\\\/\\\/www.ascona-locarno-run.ch\\\/de\\\/be-social\\\/#primaryimage\"},\"thumbnailUrl\":\"https:\\\/\\\/www.ascona-locarno-run.ch\\\/wp-content\\\/uploads\\\/2021\\\/09\\\/charity.jpg\",\"articleSection\":[\"Home\"],\"inLanguage\":\"de\",\"potentialAction\":[{\"@type\":\"CommentAction\",\"name\":\"Comment\",\"target\":[\"https:\\\/\\\/www.ascona-locarno-run.ch\\\/de\\\/be-social\\\/#respond\"]}]},{\"@type\":\"WebPage\",\"@id\":\"https:\\\/\\\/www.ascona-locarno-run.ch\\\/de\\\/be-social\\\/\",\"url\":\"https:\\\/\\\/www.ascona-locarno-run.ch\\\/de\\\/be-social\\\/\",\"name\":\"BE SOCIAL! - Ascona-Locarno Run\",\"isPartOf\":{\"@id\":\"https:\\\/\\\/www.ascona-locarno-run.ch\\\/#website\"},\"primaryImageOfPage\":{\"@id\":\"https:\\\/\\\/www.ascona-locarno-run.ch\\\/de\\\/be-social\\\/#primaryimage\"},\"image\":{\"@id\":\"https:\\\/\\\/www.ascona-locarno-run.ch\\\/de\\\/be-social\\\/#primaryimage\"},\"thumbnailUrl\":\"https:\\\/\\\/www.ascona-locarno-run.ch\\\/wp-content\\\/uploads\\\/2021\\\/09\\\/charity.jpg\",\"datePublished\":\"2021-09-27T16:56:40+00:00\",\"dateModified\":\"2021-09-27T17:00:35+00:00\",\"breadcrumb\":{\"@id\":\"https:\\\/\\\/www.ascona-locarno-run.ch\\\/de\\\/be-social\\\/#breadcrumb\"},\"inLanguage\":\"de\",\"potentialAction\":[{\"@type\":\"ReadAction\",\"target\":[\"https:\\\/\\\/www.ascona-locarno-run.ch\\\/de\\\/be-social\\\/\"]}]},{\"@type\":\"ImageObject\",\"inLanguage\":\"de\",\"@id\":\"https:\\\/\\\/www.ascona-locarno-run.ch\\\/de\\\/be-social\\\/#primaryimage\",\"url\":\"https:\\\/\\\/www.ascona-locarno-run.ch\\\/wp-content\\\/uploads\\\/2021\\\/09\\\/charity.jpg\",\"contentUrl\":\"https:\\\/\\\/www.ascona-locarno-run.ch\\\/wp-content\\\/uploads\\\/2021\\\/09\\\/charity.jpg\",\"width\":799,\"height\":533},{\"@type\":\"BreadcrumbList\",\"@id\":\"https:\\\/\\\/www.ascona-locarno-run.ch\\\/de\\\/be-social\\\/#breadcrumb\",\"itemListElement\":[{\"@type\":\"ListItem\",\"position\":1,\"name\":\"Home\",\"item\":\"https:\\\/\\\/www.ascona-locarno-run.ch\\\/de\\\/\"},{\"@type\":\"ListItem\",\"position\":2,\"name\":\"BE SOCIAL!\"}]},{\"@type\":\"WebSite\",\"@id\":\"https:\\\/\\\/www.ascona-locarno-run.ch\\\/#website\",\"url\":\"https:\\\/\\\/www.ascona-locarno-run.ch\\\/\",\"name\":\"Ascona-Locarno Run\",\"description\":\"Der perfekte Ort f\u00fcr Ihren Lauf!\",\"publisher\":{\"@id\":\"https:\\\/\\\/www.ascona-locarno-run.ch\\\/#organization\"},\"potentialAction\":[{\"@type\":\"SearchAction\",\"target\":{\"@type\":\"EntryPoint\",\"urlTemplate\":\"https:\\\/\\\/www.ascona-locarno-run.ch\\\/?s={search_term_string}\"},\"query-input\":{\"@type\":\"PropertyValueSpecification\",\"valueRequired\":true,\"valueName\":\"search_term_string\"}}],\"inLanguage\":\"de\"},{\"@type\":\"Organization\",\"@id\":\"https:\\\/\\\/www.ascona-locarno-run.ch\\\/#organization\",\"name\":\"Ascona-Locarno Run\",\"url\":\"https:\\\/\\\/www.ascona-locarno-run.ch\\\/\",\"logo\":{\"@type\":\"ImageObject\",\"inLanguage\":\"de\",\"@id\":\"https:\\\/\\\/www.ascona-locarno-run.ch\\\/#\\\/schema\\\/logo\\\/image\\\/\",\"url\":\"https:\\\/\\\/www.ascona-locarno-run.ch\\\/wp-content\\\/uploads\\\/2024\\\/02\\\/logo-alr-colored.png\",\"contentUrl\":\"https:\\\/\\\/www.ascona-locarno-run.ch\\\/wp-content\\\/uploads\\\/2024\\\/02\\\/logo-alr-colored.png\",\"width\":800,\"height\":368,\"caption\":\"Ascona-Locarno Run\"},\"image\":{\"@id\":\"https:\\\/\\\/www.ascona-locarno-run.ch\\\/#\\\/schema\\\/logo\\\/image\\\/\"},\"sameAs\":[\"https:\\\/\\\/www.facebook.com\\\/AsconaLocarnoRun\\\/\",\"https:\\\/\\\/www.instagram.com\\\/ascona_locarno_run\\\/\"]},{\"@type\":\"Person\",\"@id\":\"https:\\\/\\\/www.ascona-locarno-run.ch\\\/#\\\/schema\\\/person\\\/efc25e412da67e885c643a5e5391e183\",\"name\":\"milena.marradi\",\"image\":{\"@type\":\"ImageObject\",\"inLanguage\":\"de\",\"@id\":\"https:\\\/\\\/secure.gravatar.com\\\/avatar\\\/c7408484ef5e0aa30e055bf5cb5bdddafc3f99f33648fa24f978808eae7feca2?s=96&d=mm&r=g\",\"url\":\"https:\\\/\\\/secure.gravatar.com\\\/avatar\\\/c7408484ef5e0aa30e055bf5cb5bdddafc3f99f33648fa24f978808eae7feca2?s=96&d=mm&r=g\",\"contentUrl\":\"https:\\\/\\\/secure.gravatar.com\\\/avatar\\\/c7408484ef5e0aa30e055bf5cb5bdddafc3f99f33648fa24f978808eae7feca2?s=96&d=mm&r=g\",\"caption\":\"milena.marradi\"}}]}<\/script>\n<!-- \/ Yoast SEO plugin. -->","yoast_head_json":{"title":"BE SOCIAL! - Ascona-Locarno Run","robots":{"index":"index","follow":"follow","max-snippet":"max-snippet:-1","max-image-preview":"max-image-preview:large","max-video-preview":"max-video-preview:-1"},"canonical":"https:\/\/www.ascona-locarno-run.ch\/de\/be-social\/","og_locale":"de_DE","og_type":"article","og_title":"BE SOCIAL! - Ascona-Locarno Run","og_description":"Gutes zu tun ist gut! Am 16. und 17. Oktober findet der Ascona-Locarno-Lauf statt: All4All, Sie werden den 10-km-Lauf beim Ascona-Locarno Run absolvieren und diejenigen anfeuern und betreuen, die nicht mitlaufen k\u00f6nnen. &#8222;Dank der Gro\u00dfz\u00fcgigkeit unserer Unterst\u00fctzer sind wir in der Lage, &#8222;Laufen zu spenden&#8220;, und zwar mit jenem Paket an Emotionen, das nur diejenigen [...]","og_url":"https:\/\/www.ascona-locarno-run.ch\/de\/be-social\/","og_site_name":"Ascona-Locarno Run","article_publisher":"https:\/\/www.facebook.com\/AsconaLocarnoRun\/","article_published_time":"2021-09-27T16:56:40+00:00","article_modified_time":"2021-09-27T17:00:35+00:00","og_image":[{"width":799,"height":533,"url":"https:\/\/www.ascona-locarno-run.ch\/wp-content\/uploads\/2021\/09\/charity.jpg","type":"image\/jpeg"}],"author":"milena.marradi","twitter_card":"summary_large_image","twitter_misc":{"Verfasst von":"milena.marradi","Gesch\u00e4tzte Lesezeit":"1\u00a0Minute"},"schema":{"@context":"https:\/\/schema.org","@graph":[{"@type":"Article","@id":"https:\/\/www.ascona-locarno-run.ch\/de\/be-social\/#article","isPartOf":{"@id":"https:\/\/www.ascona-locarno-run.ch\/de\/be-social\/"},"author":{"name":"milena.marradi","@id":"https:\/\/www.ascona-locarno-run.ch\/#\/schema\/person\/efc25e412da67e885c643a5e5391e183"},"headline":"BE SOCIAL!","datePublished":"2021-09-27T16:56:40+00:00","dateModified":"2021-09-27T17:00:35+00:00","mainEntityOfPage":{"@id":"https:\/\/www.ascona-locarno-run.ch\/de\/be-social\/"},"wordCount":182,"commentCount":0,"publisher":{"@id":"https:\/\/www.ascona-locarno-run.ch\/#organization"},"image":{"@id":"https:\/\/www.ascona-locarno-run.ch\/de\/be-social\/#primaryimage"},"thumbnailUrl":"https:\/\/www.ascona-locarno-run.ch\/wp-content\/uploads\/2021\/09\/charity.jpg","articleSection":["Home"],"inLanguage":"de","potentialAction":[{"@type":"CommentAction","name":"Comment","target":["https:\/\/www.ascona-locarno-run.ch\/de\/be-social\/#respond"]}]},{"@type":"WebPage","@id":"https:\/\/www.ascona-locarno-run.ch\/de\/be-social\/","url":"https:\/\/www.ascona-locarno-run.ch\/de\/be-social\/","name":"BE SOCIAL! - Ascona-Locarno Run","isPartOf":{"@id":"https:\/\/www.ascona-locarno-run.ch\/#website"},"primaryImageOfPage":{"@id":"https:\/\/www.ascona-locarno-run.ch\/de\/be-social\/#primaryimage"},"image":{"@id":"https:\/\/www.ascona-locarno-run.ch\/de\/be-social\/#primaryimage"},"thumbnailUrl":"https:\/\/www.ascona-locarno-run.ch\/wp-content\/uploads\/2021\/09\/charity.jpg","datePublished":"2021-09-27T16:56:40+00:00","dateModified":"2021-09-27T17:00:35+00:00","breadcrumb":{"@id":"https:\/\/www.ascona-locarno-run.ch\/de\/be-social\/#breadcrumb"},"inLanguage":"de","potentialAction":[{"@type":"ReadAction","target":["https:\/\/www.ascona-locarno-run.ch\/de\/be-social\/"]}]},{"@type":"ImageObject","inLanguage":"de","@id":"https:\/\/www.ascona-locarno-run.ch\/de\/be-social\/#primaryimage","url":"https:\/\/www.ascona-locarno-run.ch\/wp-content\/uploads\/2021\/09\/charity.jpg","contentUrl":"https:\/\/www.ascona-locarno-run.ch\/wp-content\/uploads\/2021\/09\/charity.jpg","width":799,"height":533},{"@type":"BreadcrumbList","@id":"https:\/\/www.ascona-locarno-run.ch\/de\/be-social\/#breadcrumb","itemListElement":[{"@type":"ListItem","position":1,"name":"Home","item":"https:\/\/www.ascona-locarno-run.ch\/de\/"},{"@type":"ListItem","position":2,"name":"BE SOCIAL!"}]},{"@type":"WebSite","@id":"https:\/\/www.ascona-locarno-run.ch\/#website","url":"https:\/\/www.ascona-locarno-run.ch\/","name":"Ascona-Locarno Run","description":"Der perfekte Ort f\u00fcr Ihren Lauf!","publisher":{"@id":"https:\/\/www.ascona-locarno-run.ch\/#organization"},"potentialAction":[{"@type":"SearchAction","target":{"@type":"EntryPoint","urlTemplate":"https:\/\/www.ascona-locarno-run.ch\/?s={search_term_string}"},"query-input":{"@type":"PropertyValueSpecification","valueRequired":true,"valueName":"search_term_string"}}],"inLanguage":"de"},{"@type":"Organization","@id":"https:\/\/www.ascona-locarno-run.ch\/#organization","name":"Ascona-Locarno Run","url":"https:\/\/www.ascona-locarno-run.ch\/","logo":{"@type":"ImageObject","inLanguage":"de","@id":"https:\/\/www.ascona-locarno-run.ch\/#\/schema\/logo\/image\/","url":"https:\/\/www.ascona-locarno-run.ch\/wp-content\/uploads\/2024\/02\/logo-alr-colored.png","contentUrl":"https:\/\/www.ascona-locarno-run.ch\/wp-content\/uploads\/2024\/02\/logo-alr-colored.png","width":800,"height":368,"caption":"Ascona-Locarno Run"},"image":{"@id":"https:\/\/www.ascona-locarno-run.ch\/#\/schema\/logo\/image\/"},"sameAs":["https:\/\/www.facebook.com\/AsconaLocarnoRun\/","https:\/\/www.instagram.com\/ascona_locarno_run\/"]},{"@type":"Person","@id":"https:\/\/www.ascona-locarno-run.ch\/#\/schema\/person\/efc25e412da67e885c643a5e5391e183","name":"milena.marradi","image":{"@type":"ImageObject","inLanguage":"de","@id":"https:\/\/secure.gravatar.com\/avatar\/c7408484ef5e0aa30e055bf5cb5bdddafc3f99f33648fa24f978808eae7feca2?s=96&d=mm&r=g","url":"https:\/\/secure.gravatar.com\/avatar\/c7408484ef5e0aa30e055bf5cb5bdddafc3f99f33648fa24f978808eae7feca2?s=96&d=mm&r=g","contentUrl":"https:\/\/secure.gravatar.com\/avatar\/c7408484ef5e0aa30e055bf5cb5bdddafc3f99f33648fa24f978808eae7feca2?s=96&d=mm&r=g","caption":"milena.marradi"}}]}},"_links":{"self":[{"href":"https:\/\/www.ascona-locarno-run.ch\/de\/wp-json\/wp\/v2\/posts\/22210","targetHints":{"allow":["GET"]}}],"collection":[{"href":"https:\/\/www.ascona-locarno-run.ch\/de\/wp-json\/wp\/v2\/posts"}],"about":[{"href":"https:\/\/www.ascona-locarno-run.ch\/de\/wp-json\/wp\/v2\/types\/post"}],"author":[{"embeddable":true,"href":"https:\/\/www.ascona-locarno-run.ch\/de\/wp-json\/wp\/v2\/users\/8"}],"replies":[{"embeddable":true,"href":"https:\/\/www.ascona-locarno-run.ch\/de\/wp-json\/wp\/v2\/comments?post=22210"}],"version-history":[{"count":3,"href":"https:\/\/www.ascona-locarno-run.ch\/de\/wp-json\/wp\/v2\/posts\/22210\/revisions"}],"predecessor-version":[{"id":22216,"href":"https:\/\/www.ascona-locarno-run.ch\/de\/wp-json\/wp\/v2\/posts\/22210\/revisions\/22216"}],"wp:featuredmedia":[{"embeddable":true,"href":"https:\/\/www.ascona-locarno-run.ch\/de\/wp-json\/wp\/v2\/media\/22205"}],"wp:attachment":[{"href":"https:\/\/www.ascona-locarno-run.ch\/de\/wp-json\/wp\/v2\/media?parent=22210"}],"wp:term":[{"taxonomy":"category","embeddable":true,"href":"https:\/\/www.ascona-locarno-run.ch\/de\/wp-json\/wp\/v2\/categories?post=22210"},{"taxonomy":"post_tag","embeddable":true,"href":"https:\/\/www.ascona-locarno-run.ch\/de\/wp-json\/wp\/v2\/tags?post=22210"}],"curies":[{"name":"wp","href":"https:\/\/api.w.org\/{rel}","templated":true}]}}