{"id":20410,"date":"2021-02-03T10:45:24","date_gmt":"2021-02-03T09:45:24","guid":{"rendered":"https:\/\/www.ascona-locarno-run.ch\/soccorso-cresta-966-km-in-19-giorni-parte-2\/"},"modified":"2021-02-03T10:56:20","modified_gmt":"2021-02-03T09:56:20","slug":"soccorso-cresta-966-km-in-19-tagen-teil-2","status":"publish","type":"post","link":"https:\/\/www.ascona-locarno-run.ch\/de\/soccorso-cresta-966-km-in-19-tagen-teil-2\/","title":{"rendered":"Soccorso Cresta: 966 km in 19 Tagen! (Teil 2)"},"content":{"rendered":"<div class=\"fusion-fullwidth fullwidth-box fusion-builder-row-1 nonhundred-percent-fullwidth non-hundred-percent-height-scrolling\" style=\"--awb-border-radius-top-left:0px;--awb-border-radius-top-right:0px;--awb-border-radius-bottom-right:0px;--awb-border-radius-bottom-left:0px;--awb-flex-wrap:wrap;\" ><div class=\"fusion-builder-row fusion-row\"><div class=\"fusion-layout-column fusion_builder_column fusion-builder-column-0 fusion_builder_column_1_1 1_1 fusion-one-full fusion-column-first fusion-column-last\" style=\"--awb-bg-size:cover;--awb-margin-bottom:0px;\"><div class=\"fusion-column-wrapper fusion-flex-column-wrapper-legacy\"><div class=\"fusion-text fusion-text-1\"><p style=\"text-align: center; font-size: 12px;\">\u00a9 Simona Cresta<\/p>\n<\/div><div class=\"fusion-text fusion-text-2\"><p>Erinnern Sie sich an die Herausforderung von Soccorso Cresta? 966 km in 19 Tagen, was f\u00fcr ein Abenteuer!<br \/>\nJe n\u00e4her sie Castelfranci kamen, desto mehr wuchs die Aufregung&#8230;Wie endete dieses Unternehmen und was geschah bei der Ankunft?<br \/>\nWas wird Soccorsos n\u00e4chstes Unterfangen sein?<\/p>\n<p>Viel Spa\u00df beim Lesen!<\/p>\n<p><strong>Gibt es eine Anekdote oder eine besondere Erinnerung, die Sie mit uns \u00fcber dieses Abenteuer teilen m\u00f6chten?<br \/>\n<\/strong><\/p>\n<blockquote>\n<p>Sicherlich gibt es viele Dinge, an die man sich erinnern kann, die sch\u00f6nen Abende \/ Abendessen, die man mit Giuseppe, Pier Paolo und Maurizio verbracht hat, und die unz\u00e4hligen Begegnungen entlang des Weges, bei denen wir nicht unbemerkt blieben, da Gabriele auf dem Fahrrad die Flaggen der Schweiz \/ Italien \/ Lugano \/ Castelfranci hatte, und zus\u00e4tzlich auf meinem Rucksack die Flagge von Avellino (eine Fu\u00dfballmannschaft, von der Soccorso ein gro\u00dfer Fan ist, d. Red.). Die h\u00e4ufigsten Fragen waren &#8222;Woher kommst du? &#8220; und &#8222;Wohin gehst du?&#8220; &#8211; Gabriele: &#8222;Wir kommen aus Lugano und wir fahren nach Castelfranci (AV)&#8220; &#8211; &#8220; Aber wo ist das andere Fahrrad?\u201d &#8211; &#8222;Mein Vater ist zu Fu\u00df unterwegs!&#8220;. Ungl\u00e4ubig antwortete: &#8222;Sie sind Vater und Sohn, aber WAS f\u00fcr eine SCH\u00d6NE GESCHICHTE!\u201d. Dieser Satz, diese sch\u00f6ne Geschichte hat uns begleitet und uns auf dem Weg aufgeladen &#8230;<br \/>\nAuf der achtzehnten Etappe, der l\u00e4ngsten 66,7 km, wollte ich einen kleinen Abstecher nach Pietrelcina machen, dem Geburtsort von Padre Pio. Hier schloss sich mir ein lieber Lauffreund aus dem Valtellina, Fabrizio Frate, an, der mich \u00fcber 30 km begleitete. Nach dem Besuch des Hauses von Padre Pio fuhren wir nach Venticano, wo wir in die Provinz einfuhren, und als ich das erste Schild mit der Aufschrift &#8222;Avellino&#8220; sah, hatte ich das Gef\u00fchl, es fast geschafft zu haben. In Venticano empfingen uns mein Freund Saverio Addonizio, Pr\u00e4sident des Avellino Club Venticano, und einige Mitglieder des Clubs und bewirteten uns mit einem typisch irpinischen Abendessen. Die \u00dcberraschung des Abends war die Ankunft meiner Cousine Lisa und meiner Tochter Simona, die mir bis dahin nicht gesagt hatte, dass sie dabei sein k\u00f6nnte.<br \/>\nAu\u00dferdem, immer in der vorletzten Phase, habe ich in einem Video, das auf unserer Facebook-Seite gepostet wurde, die Konditorei meines Freundes Peppino aus Castelfranci erw\u00e4hnt, wo ich ihn eingeladen habe, mich bab\u00e0 und sfogliatella finden zu lassen. Zu meiner \u00dcberraschung fand ich bei meiner Ankunft auf dem Platz einen Tisch mit Geb\u00e4ck und Prosecco!<br \/>\nDiese 966 km waren eine wunderbare Erfahrung, neben den vielen Freunden, die mich auf einigen Abschnitten begleitet haben, die Solidarit\u00e4t und Freundlichkeit der Menschen, die ich auf dem Weg getroffen habe. Es gibt definitiv Orte, an die ich gerne zur\u00fcckkehren w\u00fcrde, wie das Pandino, wo wir mit so viel Solidarit\u00e4t empfangen wurden, vielleicht kommen wir anl\u00e4sslich der Panda-Party wieder!<\/p>\n<\/blockquote>\n<p><strong>Haben Sie irgendwelche Verletzungen erlitten? Wie haben Sie diese \u00fcberwunden?<br \/>\n<\/strong><\/p>\n<blockquote>\n<p>Was die Verletzungen angeht, so gab es w\u00e4hrend der Strecke einige kleine Probleme, die ich aber \u00fcberwunden habe, auch dank der 2 Paar Schuhe, die getestet wurden und f\u00fcr diese Art von Strecke geeignet sind.<\/p>\n<\/blockquote>\n<p><strong>Wie haben Sie sich w\u00e4hrend der letzten Etappe gef\u00fchlt? Und auf den letzten Kilometern vor dem Ziel? Wie hat man Sie empfangen?<br \/>\n<\/strong><\/p>\n<blockquote>\n<p>In der neunzehnten und letzten Etappe waren es weniger als 30 km von zu Hause, je mehr ich mich meinem Dorf n\u00e4herte, desto mehr wuchs die Erregung, bei etwa 15 km begannen die Feierlichkeiten mit Autos und Motorrollern, die uns folgten und uns mit Hupen begleiteten. Auf dem Gebiet von Castelfranci angekommen, wurden wir von der Stadtpolizei eskortiert, nach einem kurzen Halt an meinem Geburtshaus erreichten wir schlie\u00dflich den Rathausplatz, wo viele Dorfbewohner, angef\u00fchrt vom B\u00fcrgermeister Hon. Generoso Cresta (kein Verwandter, Anm. d. Red.), ein Band und einen Blumenkranz niederlegten. Sie hatten auch ein reichhaltiges Buffet mit viel Kuchen f\u00fcr alle Anwesenden (alle mit Masken und ohne Abstand!) organisiert.<br \/>\nAm Nachmittag wurden wir dann beim Curva Sud-Treffen in Avellino von Franco Iannuzzi, in der Bar Broadway, und vom B\u00fcrgermeister von Avellino, Hon. Gianluca Festa, begr\u00fc\u00dft, wo wir einige Interviews f\u00fcr das lokale Fernsehen gaben.<br \/>\nBei der Ankunft wartete ich auch auf meine Frau zusammen mit einigen Verwandten.<\/p>\n<\/blockquote>\n<p><strong>Es war also ein Unternehmen, das viele Nachfolger hatte?<br \/>\n<\/strong><\/p>\n<blockquote>\n<p>Dieses ganze fantastische Abenteuer wurde Tag f\u00fcr Tag \u00fcber die sozialen Medien auf der Facebook-Seite: Lugano-Castelfranci &#8211; AV in einem Atemzug mitverfolgt, die Kommentare und die Ermutigung gaben uns den Ansto\u00df. Selbst die Tageszeitung laRegione r\u00e4umte dem Unternehmen mit mehreren Artikeln viel Platz ein. Ich bedanke mich an dieser Stelle sowohl bei der Zeitung sowohl als auch TeleTicino f\u00fcr den Raum, als auch bei den vielen Sponsorenfreunden, die diese Initiative unterst\u00fctzen wollten. All diese Solidarit\u00e4t und Verbundenheit von Freunden, aber auch von Fremden, hat uns aufrichtig eine sch\u00f6ne Erinnerung hinterlassen.<\/p>\n<\/blockquote>\n<p><strong>Was wird Ihre n\u00e4chste Herausforderung sein?<br \/>\n<\/strong><\/p>\n<blockquote>\n<p>Die n\u00e4chsten Herausforderungen sind mein 49. Marathon in Barcelona und mein 50. Marathon in Venedig, die wegen der Pandemie abgesagt wurden und f\u00fcr 2020 geplant waren.<br \/>\nEin Traum w\u00e4re es, DEN MARATHON selbst laufen zu k\u00f6nnen, diejenige, die Pheidippides zuerst zur\u00fccklegte, die schicksalhaften 42 km und 195 m von Marathon zum antiken Stadion von Athen in Griechenland.<\/p>\n<\/blockquote>\n<p><strong>Werden Sie zum Ascona-Locarno Run 2021 kommen?<br \/>\n<\/strong><\/p>\n<blockquote>\n<p>Ich werde mit <strong><a href=\"https:\/\/www.all4allticino.ch\/\" target=\"_blank\" rel=\"noopener noreferrer\">All4All Ticino<\/a><\/strong> dabei sein!<\/p>\n<\/blockquote>\n<p>Danke, dass Sie dieses sch\u00f6ne Unternehmen mit uns teilen und wir sehen uns am 16. und 17. Oktober auf der Piazza Grande!<\/p>\n<\/div><div class=\"fusion-clearfix\"><\/div><\/div><\/div><\/div><\/div>\n","protected":false},"excerpt":{"rendered":"","protected":false},"author":8,"featured_media":20405,"comment_status":"open","ping_status":"open","sticky":false,"template":"","format":"standard","meta":{"footnotes":""},"categories":[201],"tags":[],"class_list":["post-20410","post","type-post","status-publish","format-standard","has-post-thumbnail","hentry","category-home-2-de"],"yoast_head":"<!-- This site is optimized with the Yoast SEO plugin v27.5 - https:\/\/yoast.com\/product\/yoast-seo-wordpress\/ -->\n<title>Soccorso Cresta: 966 km in 19 Tagen! (Teil 2) - Ascona-Locarno Run<\/title>\n<meta name=\"robots\" content=\"index, follow, max-snippet:-1, max-image-preview:large, max-video-preview:-1\" \/>\n<link rel=\"canonical\" href=\"https:\/\/www.ascona-locarno-run.ch\/de\/soccorso-cresta-966-km-in-19-tagen-teil-2\/\" \/>\n<meta property=\"og:locale\" content=\"de_DE\" \/>\n<meta property=\"og:type\" content=\"article\" \/>\n<meta property=\"og:title\" content=\"Soccorso Cresta: 966 km in 19 Tagen! (Teil 2) - Ascona-Locarno Run\" \/>\n<meta property=\"og:url\" content=\"https:\/\/www.ascona-locarno-run.ch\/de\/soccorso-cresta-966-km-in-19-tagen-teil-2\/\" \/>\n<meta property=\"og:site_name\" content=\"Ascona-Locarno Run\" \/>\n<meta property=\"article:publisher\" content=\"https:\/\/www.facebook.com\/AsconaLocarnoRun\/\" \/>\n<meta property=\"article:published_time\" content=\"2021-02-03T09:45:24+00:00\" \/>\n<meta property=\"article:modified_time\" content=\"2021-02-03T09:56:20+00:00\" \/>\n<meta property=\"og:image\" content=\"https:\/\/www.ascona-locarno-run.ch\/wp-content\/uploads\/2021\/02\/soccorso-part2-2.jpg\" \/>\n\t<meta property=\"og:image:width\" content=\"640\" \/>\n\t<meta property=\"og:image:height\" content=\"428\" \/>\n\t<meta property=\"og:image:type\" content=\"image\/jpeg\" \/>\n<meta name=\"author\" content=\"milena.marradi\" \/>\n<meta name=\"twitter:card\" content=\"summary_large_image\" \/>\n<meta name=\"twitter:label1\" content=\"Verfasst von\" \/>\n\t<meta name=\"twitter:data1\" content=\"milena.marradi\" \/>\n\t<meta name=\"twitter:label2\" content=\"Gesch\u00e4tzte Lesezeit\" \/>\n\t<meta name=\"twitter:data2\" content=\"6\u00a0Minuten\" \/>\n<script type=\"application\/ld+json\" class=\"yoast-schema-graph\">{\"@context\":\"https:\\\/\\\/schema.org\",\"@graph\":[{\"@type\":\"Article\",\"@id\":\"https:\\\/\\\/www.ascona-locarno-run.ch\\\/de\\\/soccorso-cresta-966-km-in-19-tagen-teil-2\\\/#article\",\"isPartOf\":{\"@id\":\"https:\\\/\\\/www.ascona-locarno-run.ch\\\/de\\\/soccorso-cresta-966-km-in-19-tagen-teil-2\\\/\"},\"author\":{\"name\":\"milena.marradi\",\"@id\":\"https:\\\/\\\/www.ascona-locarno-run.ch\\\/#\\\/schema\\\/person\\\/efc25e412da67e885c643a5e5391e183\"},\"headline\":\"Soccorso Cresta: 966 km in 19 Tagen! (Teil 2)\",\"datePublished\":\"2021-02-03T09:45:24+00:00\",\"dateModified\":\"2021-02-03T09:56:20+00:00\",\"mainEntityOfPage\":{\"@id\":\"https:\\\/\\\/www.ascona-locarno-run.ch\\\/de\\\/soccorso-cresta-966-km-in-19-tagen-teil-2\\\/\"},\"wordCount\":1120,\"commentCount\":0,\"publisher\":{\"@id\":\"https:\\\/\\\/www.ascona-locarno-run.ch\\\/#organization\"},\"image\":{\"@id\":\"https:\\\/\\\/www.ascona-locarno-run.ch\\\/de\\\/soccorso-cresta-966-km-in-19-tagen-teil-2\\\/#primaryimage\"},\"thumbnailUrl\":\"https:\\\/\\\/www.ascona-locarno-run.ch\\\/wp-content\\\/uploads\\\/2021\\\/02\\\/soccorso-part2-2.jpg\",\"articleSection\":[\"home-2\"],\"inLanguage\":\"de\",\"potentialAction\":[{\"@type\":\"CommentAction\",\"name\":\"Comment\",\"target\":[\"https:\\\/\\\/www.ascona-locarno-run.ch\\\/de\\\/soccorso-cresta-966-km-in-19-tagen-teil-2\\\/#respond\"]}]},{\"@type\":\"WebPage\",\"@id\":\"https:\\\/\\\/www.ascona-locarno-run.ch\\\/de\\\/soccorso-cresta-966-km-in-19-tagen-teil-2\\\/\",\"url\":\"https:\\\/\\\/www.ascona-locarno-run.ch\\\/de\\\/soccorso-cresta-966-km-in-19-tagen-teil-2\\\/\",\"name\":\"Soccorso Cresta: 966 km in 19 Tagen! (Teil 2) - Ascona-Locarno Run\",\"isPartOf\":{\"@id\":\"https:\\\/\\\/www.ascona-locarno-run.ch\\\/#website\"},\"primaryImageOfPage\":{\"@id\":\"https:\\\/\\\/www.ascona-locarno-run.ch\\\/de\\\/soccorso-cresta-966-km-in-19-tagen-teil-2\\\/#primaryimage\"},\"image\":{\"@id\":\"https:\\\/\\\/www.ascona-locarno-run.ch\\\/de\\\/soccorso-cresta-966-km-in-19-tagen-teil-2\\\/#primaryimage\"},\"thumbnailUrl\":\"https:\\\/\\\/www.ascona-locarno-run.ch\\\/wp-content\\\/uploads\\\/2021\\\/02\\\/soccorso-part2-2.jpg\",\"datePublished\":\"2021-02-03T09:45:24+00:00\",\"dateModified\":\"2021-02-03T09:56:20+00:00\",\"breadcrumb\":{\"@id\":\"https:\\\/\\\/www.ascona-locarno-run.ch\\\/de\\\/soccorso-cresta-966-km-in-19-tagen-teil-2\\\/#breadcrumb\"},\"inLanguage\":\"de\",\"potentialAction\":[{\"@type\":\"ReadAction\",\"target\":[\"https:\\\/\\\/www.ascona-locarno-run.ch\\\/de\\\/soccorso-cresta-966-km-in-19-tagen-teil-2\\\/\"]}]},{\"@type\":\"ImageObject\",\"inLanguage\":\"de\",\"@id\":\"https:\\\/\\\/www.ascona-locarno-run.ch\\\/de\\\/soccorso-cresta-966-km-in-19-tagen-teil-2\\\/#primaryimage\",\"url\":\"https:\\\/\\\/www.ascona-locarno-run.ch\\\/wp-content\\\/uploads\\\/2021\\\/02\\\/soccorso-part2-2.jpg\",\"contentUrl\":\"https:\\\/\\\/www.ascona-locarno-run.ch\\\/wp-content\\\/uploads\\\/2021\\\/02\\\/soccorso-part2-2.jpg\",\"width\":640,\"height\":428},{\"@type\":\"BreadcrumbList\",\"@id\":\"https:\\\/\\\/www.ascona-locarno-run.ch\\\/de\\\/soccorso-cresta-966-km-in-19-tagen-teil-2\\\/#breadcrumb\",\"itemListElement\":[{\"@type\":\"ListItem\",\"position\":1,\"name\":\"Home\",\"item\":\"https:\\\/\\\/www.ascona-locarno-run.ch\\\/de\\\/\"},{\"@type\":\"ListItem\",\"position\":2,\"name\":\"Soccorso Cresta: 966 km in 19 Tagen! (Teil 2)\"}]},{\"@type\":\"WebSite\",\"@id\":\"https:\\\/\\\/www.ascona-locarno-run.ch\\\/#website\",\"url\":\"https:\\\/\\\/www.ascona-locarno-run.ch\\\/\",\"name\":\"Ascona-Locarno Run\",\"description\":\"Der perfekte Ort f\u00fcr Ihren Lauf!\",\"publisher\":{\"@id\":\"https:\\\/\\\/www.ascona-locarno-run.ch\\\/#organization\"},\"potentialAction\":[{\"@type\":\"SearchAction\",\"target\":{\"@type\":\"EntryPoint\",\"urlTemplate\":\"https:\\\/\\\/www.ascona-locarno-run.ch\\\/?s={search_term_string}\"},\"query-input\":{\"@type\":\"PropertyValueSpecification\",\"valueRequired\":true,\"valueName\":\"search_term_string\"}}],\"inLanguage\":\"de\"},{\"@type\":\"Organization\",\"@id\":\"https:\\\/\\\/www.ascona-locarno-run.ch\\\/#organization\",\"name\":\"Ascona-Locarno Run\",\"url\":\"https:\\\/\\\/www.ascona-locarno-run.ch\\\/\",\"logo\":{\"@type\":\"ImageObject\",\"inLanguage\":\"de\",\"@id\":\"https:\\\/\\\/www.ascona-locarno-run.ch\\\/#\\\/schema\\\/logo\\\/image\\\/\",\"url\":\"https:\\\/\\\/www.ascona-locarno-run.ch\\\/wp-content\\\/uploads\\\/2024\\\/02\\\/logo-alr-colored.png\",\"contentUrl\":\"https:\\\/\\\/www.ascona-locarno-run.ch\\\/wp-content\\\/uploads\\\/2024\\\/02\\\/logo-alr-colored.png\",\"width\":800,\"height\":368,\"caption\":\"Ascona-Locarno Run\"},\"image\":{\"@id\":\"https:\\\/\\\/www.ascona-locarno-run.ch\\\/#\\\/schema\\\/logo\\\/image\\\/\"},\"sameAs\":[\"https:\\\/\\\/www.facebook.com\\\/AsconaLocarnoRun\\\/\",\"https:\\\/\\\/www.instagram.com\\\/ascona_locarno_run\\\/\"]},{\"@type\":\"Person\",\"@id\":\"https:\\\/\\\/www.ascona-locarno-run.ch\\\/#\\\/schema\\\/person\\\/efc25e412da67e885c643a5e5391e183\",\"name\":\"milena.marradi\",\"image\":{\"@type\":\"ImageObject\",\"inLanguage\":\"de\",\"@id\":\"https:\\\/\\\/secure.gravatar.com\\\/avatar\\\/c7408484ef5e0aa30e055bf5cb5bdddafc3f99f33648fa24f978808eae7feca2?s=96&d=mm&r=g\",\"url\":\"https:\\\/\\\/secure.gravatar.com\\\/avatar\\\/c7408484ef5e0aa30e055bf5cb5bdddafc3f99f33648fa24f978808eae7feca2?s=96&d=mm&r=g\",\"contentUrl\":\"https:\\\/\\\/secure.gravatar.com\\\/avatar\\\/c7408484ef5e0aa30e055bf5cb5bdddafc3f99f33648fa24f978808eae7feca2?s=96&d=mm&r=g\",\"caption\":\"milena.marradi\"}}]}<\/script>\n<!-- \/ Yoast SEO plugin. -->","yoast_head_json":{"title":"Soccorso Cresta: 966 km in 19 Tagen! (Teil 2) - Ascona-Locarno Run","robots":{"index":"index","follow":"follow","max-snippet":"max-snippet:-1","max-image-preview":"max-image-preview:large","max-video-preview":"max-video-preview:-1"},"canonical":"https:\/\/www.ascona-locarno-run.ch\/de\/soccorso-cresta-966-km-in-19-tagen-teil-2\/","og_locale":"de_DE","og_type":"article","og_title":"Soccorso Cresta: 966 km in 19 Tagen! (Teil 2) - Ascona-Locarno Run","og_url":"https:\/\/www.ascona-locarno-run.ch\/de\/soccorso-cresta-966-km-in-19-tagen-teil-2\/","og_site_name":"Ascona-Locarno Run","article_publisher":"https:\/\/www.facebook.com\/AsconaLocarnoRun\/","article_published_time":"2021-02-03T09:45:24+00:00","article_modified_time":"2021-02-03T09:56:20+00:00","og_image":[{"width":640,"height":428,"url":"https:\/\/www.ascona-locarno-run.ch\/wp-content\/uploads\/2021\/02\/soccorso-part2-2.jpg","type":"image\/jpeg"}],"author":"milena.marradi","twitter_card":"summary_large_image","twitter_misc":{"Verfasst von":"milena.marradi","Gesch\u00e4tzte Lesezeit":"6\u00a0Minuten"},"schema":{"@context":"https:\/\/schema.org","@graph":[{"@type":"Article","@id":"https:\/\/www.ascona-locarno-run.ch\/de\/soccorso-cresta-966-km-in-19-tagen-teil-2\/#article","isPartOf":{"@id":"https:\/\/www.ascona-locarno-run.ch\/de\/soccorso-cresta-966-km-in-19-tagen-teil-2\/"},"author":{"name":"milena.marradi","@id":"https:\/\/www.ascona-locarno-run.ch\/#\/schema\/person\/efc25e412da67e885c643a5e5391e183"},"headline":"Soccorso Cresta: 966 km in 19 Tagen! (Teil 2)","datePublished":"2021-02-03T09:45:24+00:00","dateModified":"2021-02-03T09:56:20+00:00","mainEntityOfPage":{"@id":"https:\/\/www.ascona-locarno-run.ch\/de\/soccorso-cresta-966-km-in-19-tagen-teil-2\/"},"wordCount":1120,"commentCount":0,"publisher":{"@id":"https:\/\/www.ascona-locarno-run.ch\/#organization"},"image":{"@id":"https:\/\/www.ascona-locarno-run.ch\/de\/soccorso-cresta-966-km-in-19-tagen-teil-2\/#primaryimage"},"thumbnailUrl":"https:\/\/www.ascona-locarno-run.ch\/wp-content\/uploads\/2021\/02\/soccorso-part2-2.jpg","articleSection":["home-2"],"inLanguage":"de","potentialAction":[{"@type":"CommentAction","name":"Comment","target":["https:\/\/www.ascona-locarno-run.ch\/de\/soccorso-cresta-966-km-in-19-tagen-teil-2\/#respond"]}]},{"@type":"WebPage","@id":"https:\/\/www.ascona-locarno-run.ch\/de\/soccorso-cresta-966-km-in-19-tagen-teil-2\/","url":"https:\/\/www.ascona-locarno-run.ch\/de\/soccorso-cresta-966-km-in-19-tagen-teil-2\/","name":"Soccorso Cresta: 966 km in 19 Tagen! (Teil 2) - Ascona-Locarno Run","isPartOf":{"@id":"https:\/\/www.ascona-locarno-run.ch\/#website"},"primaryImageOfPage":{"@id":"https:\/\/www.ascona-locarno-run.ch\/de\/soccorso-cresta-966-km-in-19-tagen-teil-2\/#primaryimage"},"image":{"@id":"https:\/\/www.ascona-locarno-run.ch\/de\/soccorso-cresta-966-km-in-19-tagen-teil-2\/#primaryimage"},"thumbnailUrl":"https:\/\/www.ascona-locarno-run.ch\/wp-content\/uploads\/2021\/02\/soccorso-part2-2.jpg","datePublished":"2021-02-03T09:45:24+00:00","dateModified":"2021-02-03T09:56:20+00:00","breadcrumb":{"@id":"https:\/\/www.ascona-locarno-run.ch\/de\/soccorso-cresta-966-km-in-19-tagen-teil-2\/#breadcrumb"},"inLanguage":"de","potentialAction":[{"@type":"ReadAction","target":["https:\/\/www.ascona-locarno-run.ch\/de\/soccorso-cresta-966-km-in-19-tagen-teil-2\/"]}]},{"@type":"ImageObject","inLanguage":"de","@id":"https:\/\/www.ascona-locarno-run.ch\/de\/soccorso-cresta-966-km-in-19-tagen-teil-2\/#primaryimage","url":"https:\/\/www.ascona-locarno-run.ch\/wp-content\/uploads\/2021\/02\/soccorso-part2-2.jpg","contentUrl":"https:\/\/www.ascona-locarno-run.ch\/wp-content\/uploads\/2021\/02\/soccorso-part2-2.jpg","width":640,"height":428},{"@type":"BreadcrumbList","@id":"https:\/\/www.ascona-locarno-run.ch\/de\/soccorso-cresta-966-km-in-19-tagen-teil-2\/#breadcrumb","itemListElement":[{"@type":"ListItem","position":1,"name":"Home","item":"https:\/\/www.ascona-locarno-run.ch\/de\/"},{"@type":"ListItem","position":2,"name":"Soccorso Cresta: 966 km in 19 Tagen! (Teil 2)"}]},{"@type":"WebSite","@id":"https:\/\/www.ascona-locarno-run.ch\/#website","url":"https:\/\/www.ascona-locarno-run.ch\/","name":"Ascona-Locarno Run","description":"Der perfekte Ort f\u00fcr Ihren Lauf!","publisher":{"@id":"https:\/\/www.ascona-locarno-run.ch\/#organization"},"potentialAction":[{"@type":"SearchAction","target":{"@type":"EntryPoint","urlTemplate":"https:\/\/www.ascona-locarno-run.ch\/?s={search_term_string}"},"query-input":{"@type":"PropertyValueSpecification","valueRequired":true,"valueName":"search_term_string"}}],"inLanguage":"de"},{"@type":"Organization","@id":"https:\/\/www.ascona-locarno-run.ch\/#organization","name":"Ascona-Locarno Run","url":"https:\/\/www.ascona-locarno-run.ch\/","logo":{"@type":"ImageObject","inLanguage":"de","@id":"https:\/\/www.ascona-locarno-run.ch\/#\/schema\/logo\/image\/","url":"https:\/\/www.ascona-locarno-run.ch\/wp-content\/uploads\/2024\/02\/logo-alr-colored.png","contentUrl":"https:\/\/www.ascona-locarno-run.ch\/wp-content\/uploads\/2024\/02\/logo-alr-colored.png","width":800,"height":368,"caption":"Ascona-Locarno Run"},"image":{"@id":"https:\/\/www.ascona-locarno-run.ch\/#\/schema\/logo\/image\/"},"sameAs":["https:\/\/www.facebook.com\/AsconaLocarnoRun\/","https:\/\/www.instagram.com\/ascona_locarno_run\/"]},{"@type":"Person","@id":"https:\/\/www.ascona-locarno-run.ch\/#\/schema\/person\/efc25e412da67e885c643a5e5391e183","name":"milena.marradi","image":{"@type":"ImageObject","inLanguage":"de","@id":"https:\/\/secure.gravatar.com\/avatar\/c7408484ef5e0aa30e055bf5cb5bdddafc3f99f33648fa24f978808eae7feca2?s=96&d=mm&r=g","url":"https:\/\/secure.gravatar.com\/avatar\/c7408484ef5e0aa30e055bf5cb5bdddafc3f99f33648fa24f978808eae7feca2?s=96&d=mm&r=g","contentUrl":"https:\/\/secure.gravatar.com\/avatar\/c7408484ef5e0aa30e055bf5cb5bdddafc3f99f33648fa24f978808eae7feca2?s=96&d=mm&r=g","caption":"milena.marradi"}}]}},"_links":{"self":[{"href":"https:\/\/www.ascona-locarno-run.ch\/de\/wp-json\/wp\/v2\/posts\/20410","targetHints":{"allow":["GET"]}}],"collection":[{"href":"https:\/\/www.ascona-locarno-run.ch\/de\/wp-json\/wp\/v2\/posts"}],"about":[{"href":"https:\/\/www.ascona-locarno-run.ch\/de\/wp-json\/wp\/v2\/types\/post"}],"author":[{"embeddable":true,"href":"https:\/\/www.ascona-locarno-run.ch\/de\/wp-json\/wp\/v2\/users\/8"}],"replies":[{"embeddable":true,"href":"https:\/\/www.ascona-locarno-run.ch\/de\/wp-json\/wp\/v2\/comments?post=20410"}],"version-history":[{"count":4,"href":"https:\/\/www.ascona-locarno-run.ch\/de\/wp-json\/wp\/v2\/posts\/20410\/revisions"}],"predecessor-version":[{"id":20418,"href":"https:\/\/www.ascona-locarno-run.ch\/de\/wp-json\/wp\/v2\/posts\/20410\/revisions\/20418"}],"wp:featuredmedia":[{"embeddable":true,"href":"https:\/\/www.ascona-locarno-run.ch\/de\/wp-json\/wp\/v2\/media\/20405"}],"wp:attachment":[{"href":"https:\/\/www.ascona-locarno-run.ch\/de\/wp-json\/wp\/v2\/media?parent=20410"}],"wp:term":[{"taxonomy":"category","embeddable":true,"href":"https:\/\/www.ascona-locarno-run.ch\/de\/wp-json\/wp\/v2\/categories?post=20410"},{"taxonomy":"post_tag","embeddable":true,"href":"https:\/\/www.ascona-locarno-run.ch\/de\/wp-json\/wp\/v2\/tags?post=20410"}],"curies":[{"name":"wp","href":"https:\/\/api.w.org\/{rel}","templated":true}]}}