{"id":20155,"date":"2021-01-22T10:08:12","date_gmt":"2021-01-22T09:08:12","guid":{"rendered":"https:\/\/www.ascona-locarno-run.ch\/?p=20155"},"modified":"2021-02-03T10:58:26","modified_gmt":"2021-02-03T09:58:26","slug":"wir-das-vergnuegen-uns-mit-soccorso-cresta-zu-unterhalten-einem-marathonlaeufer-der-sich-seit-jahren-in-der-welt-des-sports-und-der-freiwilligen-arbeiten-engagiert","status":"publish","type":"post","link":"https:\/\/www.ascona-locarno-run.ch\/de\/wir-das-vergnuegen-uns-mit-soccorso-cresta-zu-unterhalten-einem-marathonlaeufer-der-sich-seit-jahren-in-der-welt-des-sports-und-der-freiwilligen-arbeiten-engagiert\/","title":{"rendered":"Soccorso Cresta: 966 km in 19 Tagen! (Teil 1)"},"content":{"rendered":"<div class=\"fusion-fullwidth fullwidth-box fusion-builder-row-1 nonhundred-percent-fullwidth non-hundred-percent-height-scrolling\" style=\"--awb-border-radius-top-left:0px;--awb-border-radius-top-right:0px;--awb-border-radius-bottom-right:0px;--awb-border-radius-bottom-left:0px;--awb-flex-wrap:wrap;\" ><div class=\"fusion-builder-row fusion-row\"><div class=\"fusion-layout-column fusion_builder_column fusion-builder-column-0 fusion_builder_column_1_1 1_1 fusion-one-full fusion-column-first fusion-column-last\" style=\"--awb-bg-size:cover;--awb-margin-bottom:0px;\"><div class=\"fusion-column-wrapper fusion-flex-column-wrapper-legacy\"><div class=\"fusion-text fusion-text-1\"><p style=\"text-align: center; font-size: 12px;\">\u00a9 Simona Cresta<\/p>\n<\/div><div class=\"fusion-text fusion-text-2\"><p>Nach dem Interview mit Ajla Del Ponte (2020 Swiss Athletics Athletin des Jahres, K\u00f6nigin der 100 m) hatten wir das Vergn\u00fcgen, uns mit Soccorso Cresta zu unterhalten, einem Marathonl\u00e4ufer, der sich seit Jahren in der Welt des Sports und der Freiwilligen arbeiten engagiert.<\/p>\n<p>966 km Laufen in 19 Tagen im Sommer des COVID-19, von Lugano nach Castelfranci (Avellino, Italien). Begleitet von seinem Sohn Gabriele auf dem Fahrrad mit einem Zelt auf dem R\u00fccken!<\/p>\n<p>Planung von unvorhergesehenen Ereignissen, alles begleitet von einem Geist der Initiative und der Beharrlichkeit.<\/p>\n<p>Gute Lekt\u00fcre!<\/p>\n<p><strong>Wie bist Du auf die Idee gekommen, dieses Projekt in Angriff zu nehmen?<\/strong><\/p>\n<blockquote>\n<p>Die Idee wurde vor ca. 7-8 Jahren geboren. Meine Absicht war es, eine Form der St\u00e4dtepartnerschaft zwischen meinem Herkunftsland (Castelfranci, n.d.r.) und der Stadt, die mich seit ca. 50 Jahren beherbergt (Lugano, n.d.r.), zu schaffen. Zu diesem Anlass habe ich T-Shirts und Wimpel drucken lassen, die beiden L\u00e4nder mit Fotos und Logos repr\u00e4sentieren.<\/p>\n<\/blockquote>\n<p><strong>M\u00f6chtest Du Deine sportliche Karriere mit uns teilen? Wann hast Du mit dem Laufen begonnen?<\/strong><\/p>\n<blockquote>\n<p>Ich habe 1993 mit dem Laufen begonnen, nachdem ich etwa zehn Jahre lang Rad gefahren bin, und habe seitdem nicht mehr aufgeh\u00f6rt.<\/p>\n<\/blockquote>\n<p><strong>Wann hast Du angefangen, f\u00fcr Marathons zu trainieren?<\/strong><\/p>\n<blockquote>\n<p>Meinen ersten Marathon lief ich 1994 in Venedig, nach 3 Monaten gezielter Vorbereitung.<\/p>\n<\/blockquote>\n<p><strong>An welchen Marathons hast Du teilgenommen? Gibt es besondere Erinnerungen, die Du mit uns teilen m\u00f6chtest?<\/strong><\/p>\n<blockquote>\n<p>Ich habe an 48 Marathons auf der ganzen Welt teilgenommen, darunter New York, Boston, Rom (mehrmals), Amsterdam, M\u00fcnchen, Wien, Berlin, Prag. In der Schweiz: Z\u00fcrich, Lausanne, Luzern und der Ticino Marathon in Tenero (mehrmals). Ich habe meine pers\u00f6nliche Bestzeit in London 1999, in 2:55:32 absolviert!<br \/>\nBeim Ascona-Locarno Run habe ich mit der Gruppe All4All Ticino mehrmals am Halbmarathon teilgenommen und unsere Athleten angefeuert.<\/p>\n<\/blockquote>\n<p><strong>Was war der spannendste Marathon (Strecke, Atmosph\u00e4re, etc.)?<\/strong><\/p>\n<blockquote>\n<p>Es f\u00e4llt schwer, sich f\u00fcr einen zu entscheiden: New York ist der Marathon, das Ereignis, an dem alle L\u00e4ufer mindestens einmal in ihrem Leben teilnehmen wollen. Die in Valencia ist wundersch\u00f6n, sowohl wegen der Strecke als auch wegen der Atmosph\u00e4re, die sie umgibt.<\/p>\n<\/blockquote>\n<p><strong>Zur\u00fcck zu Deinem neuesten Projekt: Wann hast Du Dich entschlossen, Dich auf dieses Abenteuer einzulassen?<\/strong><\/p>\n<blockquote>\n<p>Urspr\u00fcnglich dachte ich, dass ich dieses Unternehmen im Jahr 2021 in Angriff nehmen w\u00fcrde, da ich dann in den Ruhestand gehen werde.<br \/>\nDie Pandemie im M\u00e4rz 2020 l\u00f6ste das aus.<br \/>\nDa mein Sohn Gabriel zu Verf\u00fcgung stand, um mich auf dem Rad zu begleiten, beschlossen wir, am 30.07.2020 loszufahren.<\/p>\n<\/blockquote>\n<p><strong>Was waren die Vorbereitungsschritte?<\/strong><\/p>\n<blockquote>\n<p>Ich war schon ziemlich gut auf Langstrecken vorbereitet, da ich den Barcelona-Marathon im M\u00e4rz 2020 plante, der dann aber wie alle sportlichen Gro\u00dfveranstaltungen abgesagt wurde.<br \/>\nGabriele hatte geplant, im Juli mit einem Freund von Lugano nach Freiburg zu radeln, wo er studiert. Am Ende legten sie fast 3.000 km in 28 Tagen, indem Sie die Route der Grand Tour of Switzerland absolvierten, zwischen Alpenp\u00e4ssen, Seen, Landschaften und wundersch\u00f6nen Landschaften.<\/p>\n<\/blockquote>\n<p><strong>Wie hast Du Dein Training organisiert?<\/strong><\/p>\n<blockquote>\n<p>Ich fing an, mehr oder weniger 150 &#8211; 180 km pro Woche zu laufen, in einem langsameren Tempo, um meinen K\u00f6rper an l\u00e4ngere Strecken zu gew\u00f6hnen. In den ersten paar Training war es schwierig, das Trainingstempo zu senken.<\/p>\n<\/blockquote>\n<p><strong>Was waren die gr\u00f6\u00dften Schwierigkeiten, auf die Du gesto\u00dfen bist?<\/strong><\/p>\n<blockquote>\n<p>Die gr\u00f6\u00dften Schwierigkeiten gab es im ersten Teil der Strecke, die mit den stark befahrenen Stra\u00dfen und der gro\u00dfen Hitze zusammenhingen, an manchen Stellen konnte man bis zu 40 Grad sp\u00fcren und in der Poebene herrschte eine starke Luftfeuchtigkeit. Im mittleren Teil war die Route entlang der Adriak\u00fcste besser, wo ich einige fantastische Orte besuchen konnte, ich erw\u00e4hne besonders einen, wo ich auf jeden Fall zur\u00fcckkehren m\u00f6chte, den &#8222;gr\u00fcnen Weg der Trabocchi&#8220; (von Ortona nach Vasto) in den Abruzzen. In Vasto verlie\u00dfen wir das Meer und begannen die anspruchsvollste Strecke, lange verlassene Landstra\u00dfen mit Steigungen, sehr niveauvoll.<\/p>\n<\/blockquote>\n<p><strong>Erz\u00e4hlen uns von diesem Abenteuer, wo hast Du angefangen?<\/strong><\/p>\n<blockquote>\n<p>Der Start erfolgte am 30.07.2020 von der Piazza della Riforma in Lugano mit Begr\u00fc\u00dfung durch den B\u00fcrgermeister Marco Borradori und Freunde, darunter einige SAM Massagno-L\u00e4ufer, die mich ein paar Kilometer begleiteten, Annamaria Solari sogar bis nach Mendrisio! Zur Mittagszeit kehrten wir im Ristorante Carlino in Chiasso ein, das Mittagessen wurde von unserem Freund Franco Santoro angeboten und am sp\u00e4ten Nachmittag kamen wir in Mariano Comense an, wo wir die ersten 50 km zur\u00fccklegten. Wir wurden f\u00fcr die Nacht von unserem Freund Fausto Lepre aus Irpinia bewirtet.<br \/>\nNach und nach \u00fcberschritten die Tagesetappen fast alle die 50 km-Marke und f\u00fchrten \u00fcber Cremona, Parma, Reggio Emilia, Modena, Bologna, Imola, Forl\u00ec bis ans Meer nach Rimini. Auf dem Weg dorthin trafen wir viele Freunde, darunter Pier Paolo Catani, Giuseppe Caso und Maurizio Giuseppe.<br \/>\nJeden Tag markierten wir auf dem Asphalt mit einer Kreide den Punkt, an dem ich stehen geblieben war, den Punkt, von dem aus ich am n\u00e4chsten Tag loslaufen w\u00fcrde.<\/p>\n<\/blockquote>\n<p><strong>Hattest Du alle Etappen geplant?<\/strong><\/p>\n<blockquote>\n<p>Wir hatten die verschiedenen Etappen geplant, aber wir hatten keine Unterkunft gebucht, da wir den genauen Ankunftszeitpunkt nicht vorhersagen konnten, so dass wir jeden Nachmittag eine Unterkunft finden mussten. Meine Tochter Simona mit meiner Frau Maria und unser Freund Francesco Salvatore Marinari halfen uns aus der Ferne, Hotels und\/oder B&amp;Bs zu finden, aber angesichts der Zeit (Ferragosto) und der Situation im Zusammenhang mit dem COVID-19 waren viele Strukturen voll oder geschlossen. Mein Sohn hatte auch ein kleines Zelt dabei, das wir einige Male benutzt haben, einschlie\u00dflich eines Abends, an dem wir am Strand in Falconara schliefen. W\u00e4hrend in Casacalenda alles voll war, hat der Besitzer des B &amp; B La Quercia, uns das Zelt im Garten aufstellen lassen. Bei einer anderen Gelegenheit, als wir keine Struktur gefunden hatten, baten wir den Pfarrer Don Stefano von Montenero di Bisaccia um Gastfreundschaft, der uns erlaubte, in der Sakristei zu schlafen.<\/p>\n<\/blockquote>\n<p>Der zweite Teil des Interviews wird in der ersten Februarwoche ver\u00f6ffentlicht.<\/p>\n<\/div><div class=\"fusion-clearfix\"><\/div><\/div><\/div><\/div><\/div>\n","protected":false},"excerpt":{"rendered":"","protected":false},"author":8,"featured_media":20146,"comment_status":"open","ping_status":"open","sticky":false,"template":"","format":"standard","meta":{"footnotes":""},"categories":[153],"tags":[],"class_list":["post-20155","post","type-post","status-publish","format-standard","has-post-thumbnail","hentry","category-home-de"],"yoast_head":"<!-- This site is optimized with the Yoast SEO plugin v27.5 - https:\/\/yoast.com\/product\/yoast-seo-wordpress\/ -->\n<title>Soccorso Cresta: 966 km in 19 Tagen! (Teil 1) - Ascona-Locarno Run<\/title>\n<meta name=\"robots\" content=\"index, follow, max-snippet:-1, max-image-preview:large, max-video-preview:-1\" \/>\n<link rel=\"canonical\" href=\"https:\/\/www.ascona-locarno-run.ch\/de\/wir-das-vergnuegen-uns-mit-soccorso-cresta-zu-unterhalten-einem-marathonlaeufer-der-sich-seit-jahren-in-der-welt-des-sports-und-der-freiwilligen-arbeiten-engagiert\/\" \/>\n<meta property=\"og:locale\" content=\"de_DE\" \/>\n<meta property=\"og:type\" content=\"article\" \/>\n<meta property=\"og:title\" content=\"Soccorso Cresta: 966 km in 19 Tagen! (Teil 1) - Ascona-Locarno Run\" \/>\n<meta property=\"og:url\" content=\"https:\/\/www.ascona-locarno-run.ch\/de\/wir-das-vergnuegen-uns-mit-soccorso-cresta-zu-unterhalten-einem-marathonlaeufer-der-sich-seit-jahren-in-der-welt-des-sports-und-der-freiwilligen-arbeiten-engagiert\/\" \/>\n<meta property=\"og:site_name\" content=\"Ascona-Locarno Run\" \/>\n<meta property=\"article:publisher\" content=\"https:\/\/www.facebook.com\/AsconaLocarnoRun\/\" \/>\n<meta property=\"article:published_time\" content=\"2021-01-22T09:08:12+00:00\" \/>\n<meta property=\"article:modified_time\" content=\"2021-02-03T09:58:26+00:00\" \/>\n<meta property=\"og:image\" content=\"https:\/\/www.ascona-locarno-run.ch\/wp-content\/uploads\/2021\/01\/intervista-soccorso-1.jpeg\" \/>\n\t<meta property=\"og:image:width\" content=\"640\" \/>\n\t<meta property=\"og:image:height\" content=\"428\" \/>\n\t<meta property=\"og:image:type\" content=\"image\/jpeg\" \/>\n<meta name=\"author\" content=\"milena.marradi\" \/>\n<meta name=\"twitter:card\" content=\"summary_large_image\" \/>\n<meta name=\"twitter:label1\" content=\"Verfasst von\" \/>\n\t<meta name=\"twitter:data1\" content=\"milena.marradi\" \/>\n\t<meta name=\"twitter:label2\" content=\"Gesch\u00e4tzte Lesezeit\" \/>\n\t<meta name=\"twitter:data2\" content=\"6\u00a0Minuten\" \/>\n<script type=\"application\/ld+json\" class=\"yoast-schema-graph\">{\"@context\":\"https:\\\/\\\/schema.org\",\"@graph\":[{\"@type\":\"Article\",\"@id\":\"https:\\\/\\\/www.ascona-locarno-run.ch\\\/de\\\/wir-das-vergnuegen-uns-mit-soccorso-cresta-zu-unterhalten-einem-marathonlaeufer-der-sich-seit-jahren-in-der-welt-des-sports-und-der-freiwilligen-arbeiten-engagiert\\\/#article\",\"isPartOf\":{\"@id\":\"https:\\\/\\\/www.ascona-locarno-run.ch\\\/de\\\/wir-das-vergnuegen-uns-mit-soccorso-cresta-zu-unterhalten-einem-marathonlaeufer-der-sich-seit-jahren-in-der-welt-des-sports-und-der-freiwilligen-arbeiten-engagiert\\\/\"},\"author\":{\"name\":\"milena.marradi\",\"@id\":\"https:\\\/\\\/www.ascona-locarno-run.ch\\\/#\\\/schema\\\/person\\\/efc25e412da67e885c643a5e5391e183\"},\"headline\":\"Soccorso Cresta: 966 km in 19 Tagen! (Teil 1)\",\"datePublished\":\"2021-01-22T09:08:12+00:00\",\"dateModified\":\"2021-02-03T09:58:26+00:00\",\"mainEntityOfPage\":{\"@id\":\"https:\\\/\\\/www.ascona-locarno-run.ch\\\/de\\\/wir-das-vergnuegen-uns-mit-soccorso-cresta-zu-unterhalten-einem-marathonlaeufer-der-sich-seit-jahren-in-der-welt-des-sports-und-der-freiwilligen-arbeiten-engagiert\\\/\"},\"wordCount\":1227,\"commentCount\":0,\"publisher\":{\"@id\":\"https:\\\/\\\/www.ascona-locarno-run.ch\\\/#organization\"},\"image\":{\"@id\":\"https:\\\/\\\/www.ascona-locarno-run.ch\\\/de\\\/wir-das-vergnuegen-uns-mit-soccorso-cresta-zu-unterhalten-einem-marathonlaeufer-der-sich-seit-jahren-in-der-welt-des-sports-und-der-freiwilligen-arbeiten-engagiert\\\/#primaryimage\"},\"thumbnailUrl\":\"https:\\\/\\\/www.ascona-locarno-run.ch\\\/wp-content\\\/uploads\\\/2021\\\/01\\\/intervista-soccorso-1.jpeg\",\"articleSection\":[\"Home\"],\"inLanguage\":\"de\",\"potentialAction\":[{\"@type\":\"CommentAction\",\"name\":\"Comment\",\"target\":[\"https:\\\/\\\/www.ascona-locarno-run.ch\\\/de\\\/wir-das-vergnuegen-uns-mit-soccorso-cresta-zu-unterhalten-einem-marathonlaeufer-der-sich-seit-jahren-in-der-welt-des-sports-und-der-freiwilligen-arbeiten-engagiert\\\/#respond\"]}]},{\"@type\":\"WebPage\",\"@id\":\"https:\\\/\\\/www.ascona-locarno-run.ch\\\/de\\\/wir-das-vergnuegen-uns-mit-soccorso-cresta-zu-unterhalten-einem-marathonlaeufer-der-sich-seit-jahren-in-der-welt-des-sports-und-der-freiwilligen-arbeiten-engagiert\\\/\",\"url\":\"https:\\\/\\\/www.ascona-locarno-run.ch\\\/de\\\/wir-das-vergnuegen-uns-mit-soccorso-cresta-zu-unterhalten-einem-marathonlaeufer-der-sich-seit-jahren-in-der-welt-des-sports-und-der-freiwilligen-arbeiten-engagiert\\\/\",\"name\":\"Soccorso Cresta: 966 km in 19 Tagen! (Teil 1) - Ascona-Locarno Run\",\"isPartOf\":{\"@id\":\"https:\\\/\\\/www.ascona-locarno-run.ch\\\/#website\"},\"primaryImageOfPage\":{\"@id\":\"https:\\\/\\\/www.ascona-locarno-run.ch\\\/de\\\/wir-das-vergnuegen-uns-mit-soccorso-cresta-zu-unterhalten-einem-marathonlaeufer-der-sich-seit-jahren-in-der-welt-des-sports-und-der-freiwilligen-arbeiten-engagiert\\\/#primaryimage\"},\"image\":{\"@id\":\"https:\\\/\\\/www.ascona-locarno-run.ch\\\/de\\\/wir-das-vergnuegen-uns-mit-soccorso-cresta-zu-unterhalten-einem-marathonlaeufer-der-sich-seit-jahren-in-der-welt-des-sports-und-der-freiwilligen-arbeiten-engagiert\\\/#primaryimage\"},\"thumbnailUrl\":\"https:\\\/\\\/www.ascona-locarno-run.ch\\\/wp-content\\\/uploads\\\/2021\\\/01\\\/intervista-soccorso-1.jpeg\",\"datePublished\":\"2021-01-22T09:08:12+00:00\",\"dateModified\":\"2021-02-03T09:58:26+00:00\",\"breadcrumb\":{\"@id\":\"https:\\\/\\\/www.ascona-locarno-run.ch\\\/de\\\/wir-das-vergnuegen-uns-mit-soccorso-cresta-zu-unterhalten-einem-marathonlaeufer-der-sich-seit-jahren-in-der-welt-des-sports-und-der-freiwilligen-arbeiten-engagiert\\\/#breadcrumb\"},\"inLanguage\":\"de\",\"potentialAction\":[{\"@type\":\"ReadAction\",\"target\":[\"https:\\\/\\\/www.ascona-locarno-run.ch\\\/de\\\/wir-das-vergnuegen-uns-mit-soccorso-cresta-zu-unterhalten-einem-marathonlaeufer-der-sich-seit-jahren-in-der-welt-des-sports-und-der-freiwilligen-arbeiten-engagiert\\\/\"]}]},{\"@type\":\"ImageObject\",\"inLanguage\":\"de\",\"@id\":\"https:\\\/\\\/www.ascona-locarno-run.ch\\\/de\\\/wir-das-vergnuegen-uns-mit-soccorso-cresta-zu-unterhalten-einem-marathonlaeufer-der-sich-seit-jahren-in-der-welt-des-sports-und-der-freiwilligen-arbeiten-engagiert\\\/#primaryimage\",\"url\":\"https:\\\/\\\/www.ascona-locarno-run.ch\\\/wp-content\\\/uploads\\\/2021\\\/01\\\/intervista-soccorso-1.jpeg\",\"contentUrl\":\"https:\\\/\\\/www.ascona-locarno-run.ch\\\/wp-content\\\/uploads\\\/2021\\\/01\\\/intervista-soccorso-1.jpeg\",\"width\":640,\"height\":428},{\"@type\":\"BreadcrumbList\",\"@id\":\"https:\\\/\\\/www.ascona-locarno-run.ch\\\/de\\\/wir-das-vergnuegen-uns-mit-soccorso-cresta-zu-unterhalten-einem-marathonlaeufer-der-sich-seit-jahren-in-der-welt-des-sports-und-der-freiwilligen-arbeiten-engagiert\\\/#breadcrumb\",\"itemListElement\":[{\"@type\":\"ListItem\",\"position\":1,\"name\":\"Home\",\"item\":\"https:\\\/\\\/www.ascona-locarno-run.ch\\\/de\\\/\"},{\"@type\":\"ListItem\",\"position\":2,\"name\":\"Soccorso Cresta: 966 km in 19 Tagen! (Teil 1)\"}]},{\"@type\":\"WebSite\",\"@id\":\"https:\\\/\\\/www.ascona-locarno-run.ch\\\/#website\",\"url\":\"https:\\\/\\\/www.ascona-locarno-run.ch\\\/\",\"name\":\"Ascona-Locarno Run\",\"description\":\"Der perfekte Ort f\u00fcr Ihren Lauf!\",\"publisher\":{\"@id\":\"https:\\\/\\\/www.ascona-locarno-run.ch\\\/#organization\"},\"potentialAction\":[{\"@type\":\"SearchAction\",\"target\":{\"@type\":\"EntryPoint\",\"urlTemplate\":\"https:\\\/\\\/www.ascona-locarno-run.ch\\\/?s={search_term_string}\"},\"query-input\":{\"@type\":\"PropertyValueSpecification\",\"valueRequired\":true,\"valueName\":\"search_term_string\"}}],\"inLanguage\":\"de\"},{\"@type\":\"Organization\",\"@id\":\"https:\\\/\\\/www.ascona-locarno-run.ch\\\/#organization\",\"name\":\"Ascona-Locarno Run\",\"url\":\"https:\\\/\\\/www.ascona-locarno-run.ch\\\/\",\"logo\":{\"@type\":\"ImageObject\",\"inLanguage\":\"de\",\"@id\":\"https:\\\/\\\/www.ascona-locarno-run.ch\\\/#\\\/schema\\\/logo\\\/image\\\/\",\"url\":\"https:\\\/\\\/www.ascona-locarno-run.ch\\\/wp-content\\\/uploads\\\/2024\\\/02\\\/logo-alr-colored.png\",\"contentUrl\":\"https:\\\/\\\/www.ascona-locarno-run.ch\\\/wp-content\\\/uploads\\\/2024\\\/02\\\/logo-alr-colored.png\",\"width\":800,\"height\":368,\"caption\":\"Ascona-Locarno Run\"},\"image\":{\"@id\":\"https:\\\/\\\/www.ascona-locarno-run.ch\\\/#\\\/schema\\\/logo\\\/image\\\/\"},\"sameAs\":[\"https:\\\/\\\/www.facebook.com\\\/AsconaLocarnoRun\\\/\",\"https:\\\/\\\/www.instagram.com\\\/ascona_locarno_run\\\/\"]},{\"@type\":\"Person\",\"@id\":\"https:\\\/\\\/www.ascona-locarno-run.ch\\\/#\\\/schema\\\/person\\\/efc25e412da67e885c643a5e5391e183\",\"name\":\"milena.marradi\",\"image\":{\"@type\":\"ImageObject\",\"inLanguage\":\"de\",\"@id\":\"https:\\\/\\\/secure.gravatar.com\\\/avatar\\\/c7408484ef5e0aa30e055bf5cb5bdddafc3f99f33648fa24f978808eae7feca2?s=96&d=mm&r=g\",\"url\":\"https:\\\/\\\/secure.gravatar.com\\\/avatar\\\/c7408484ef5e0aa30e055bf5cb5bdddafc3f99f33648fa24f978808eae7feca2?s=96&d=mm&r=g\",\"contentUrl\":\"https:\\\/\\\/secure.gravatar.com\\\/avatar\\\/c7408484ef5e0aa30e055bf5cb5bdddafc3f99f33648fa24f978808eae7feca2?s=96&d=mm&r=g\",\"caption\":\"milena.marradi\"}}]}<\/script>\n<!-- \/ Yoast SEO plugin. -->","yoast_head_json":{"title":"Soccorso Cresta: 966 km in 19 Tagen! (Teil 1) - Ascona-Locarno Run","robots":{"index":"index","follow":"follow","max-snippet":"max-snippet:-1","max-image-preview":"max-image-preview:large","max-video-preview":"max-video-preview:-1"},"canonical":"https:\/\/www.ascona-locarno-run.ch\/de\/wir-das-vergnuegen-uns-mit-soccorso-cresta-zu-unterhalten-einem-marathonlaeufer-der-sich-seit-jahren-in-der-welt-des-sports-und-der-freiwilligen-arbeiten-engagiert\/","og_locale":"de_DE","og_type":"article","og_title":"Soccorso Cresta: 966 km in 19 Tagen! (Teil 1) - Ascona-Locarno Run","og_url":"https:\/\/www.ascona-locarno-run.ch\/de\/wir-das-vergnuegen-uns-mit-soccorso-cresta-zu-unterhalten-einem-marathonlaeufer-der-sich-seit-jahren-in-der-welt-des-sports-und-der-freiwilligen-arbeiten-engagiert\/","og_site_name":"Ascona-Locarno Run","article_publisher":"https:\/\/www.facebook.com\/AsconaLocarnoRun\/","article_published_time":"2021-01-22T09:08:12+00:00","article_modified_time":"2021-02-03T09:58:26+00:00","og_image":[{"width":640,"height":428,"url":"https:\/\/www.ascona-locarno-run.ch\/wp-content\/uploads\/2021\/01\/intervista-soccorso-1.jpeg","type":"image\/jpeg"}],"author":"milena.marradi","twitter_card":"summary_large_image","twitter_misc":{"Verfasst von":"milena.marradi","Gesch\u00e4tzte Lesezeit":"6\u00a0Minuten"},"schema":{"@context":"https:\/\/schema.org","@graph":[{"@type":"Article","@id":"https:\/\/www.ascona-locarno-run.ch\/de\/wir-das-vergnuegen-uns-mit-soccorso-cresta-zu-unterhalten-einem-marathonlaeufer-der-sich-seit-jahren-in-der-welt-des-sports-und-der-freiwilligen-arbeiten-engagiert\/#article","isPartOf":{"@id":"https:\/\/www.ascona-locarno-run.ch\/de\/wir-das-vergnuegen-uns-mit-soccorso-cresta-zu-unterhalten-einem-marathonlaeufer-der-sich-seit-jahren-in-der-welt-des-sports-und-der-freiwilligen-arbeiten-engagiert\/"},"author":{"name":"milena.marradi","@id":"https:\/\/www.ascona-locarno-run.ch\/#\/schema\/person\/efc25e412da67e885c643a5e5391e183"},"headline":"Soccorso Cresta: 966 km in 19 Tagen! (Teil 1)","datePublished":"2021-01-22T09:08:12+00:00","dateModified":"2021-02-03T09:58:26+00:00","mainEntityOfPage":{"@id":"https:\/\/www.ascona-locarno-run.ch\/de\/wir-das-vergnuegen-uns-mit-soccorso-cresta-zu-unterhalten-einem-marathonlaeufer-der-sich-seit-jahren-in-der-welt-des-sports-und-der-freiwilligen-arbeiten-engagiert\/"},"wordCount":1227,"commentCount":0,"publisher":{"@id":"https:\/\/www.ascona-locarno-run.ch\/#organization"},"image":{"@id":"https:\/\/www.ascona-locarno-run.ch\/de\/wir-das-vergnuegen-uns-mit-soccorso-cresta-zu-unterhalten-einem-marathonlaeufer-der-sich-seit-jahren-in-der-welt-des-sports-und-der-freiwilligen-arbeiten-engagiert\/#primaryimage"},"thumbnailUrl":"https:\/\/www.ascona-locarno-run.ch\/wp-content\/uploads\/2021\/01\/intervista-soccorso-1.jpeg","articleSection":["Home"],"inLanguage":"de","potentialAction":[{"@type":"CommentAction","name":"Comment","target":["https:\/\/www.ascona-locarno-run.ch\/de\/wir-das-vergnuegen-uns-mit-soccorso-cresta-zu-unterhalten-einem-marathonlaeufer-der-sich-seit-jahren-in-der-welt-des-sports-und-der-freiwilligen-arbeiten-engagiert\/#respond"]}]},{"@type":"WebPage","@id":"https:\/\/www.ascona-locarno-run.ch\/de\/wir-das-vergnuegen-uns-mit-soccorso-cresta-zu-unterhalten-einem-marathonlaeufer-der-sich-seit-jahren-in-der-welt-des-sports-und-der-freiwilligen-arbeiten-engagiert\/","url":"https:\/\/www.ascona-locarno-run.ch\/de\/wir-das-vergnuegen-uns-mit-soccorso-cresta-zu-unterhalten-einem-marathonlaeufer-der-sich-seit-jahren-in-der-welt-des-sports-und-der-freiwilligen-arbeiten-engagiert\/","name":"Soccorso Cresta: 966 km in 19 Tagen! (Teil 1) - Ascona-Locarno Run","isPartOf":{"@id":"https:\/\/www.ascona-locarno-run.ch\/#website"},"primaryImageOfPage":{"@id":"https:\/\/www.ascona-locarno-run.ch\/de\/wir-das-vergnuegen-uns-mit-soccorso-cresta-zu-unterhalten-einem-marathonlaeufer-der-sich-seit-jahren-in-der-welt-des-sports-und-der-freiwilligen-arbeiten-engagiert\/#primaryimage"},"image":{"@id":"https:\/\/www.ascona-locarno-run.ch\/de\/wir-das-vergnuegen-uns-mit-soccorso-cresta-zu-unterhalten-einem-marathonlaeufer-der-sich-seit-jahren-in-der-welt-des-sports-und-der-freiwilligen-arbeiten-engagiert\/#primaryimage"},"thumbnailUrl":"https:\/\/www.ascona-locarno-run.ch\/wp-content\/uploads\/2021\/01\/intervista-soccorso-1.jpeg","datePublished":"2021-01-22T09:08:12+00:00","dateModified":"2021-02-03T09:58:26+00:00","breadcrumb":{"@id":"https:\/\/www.ascona-locarno-run.ch\/de\/wir-das-vergnuegen-uns-mit-soccorso-cresta-zu-unterhalten-einem-marathonlaeufer-der-sich-seit-jahren-in-der-welt-des-sports-und-der-freiwilligen-arbeiten-engagiert\/#breadcrumb"},"inLanguage":"de","potentialAction":[{"@type":"ReadAction","target":["https:\/\/www.ascona-locarno-run.ch\/de\/wir-das-vergnuegen-uns-mit-soccorso-cresta-zu-unterhalten-einem-marathonlaeufer-der-sich-seit-jahren-in-der-welt-des-sports-und-der-freiwilligen-arbeiten-engagiert\/"]}]},{"@type":"ImageObject","inLanguage":"de","@id":"https:\/\/www.ascona-locarno-run.ch\/de\/wir-das-vergnuegen-uns-mit-soccorso-cresta-zu-unterhalten-einem-marathonlaeufer-der-sich-seit-jahren-in-der-welt-des-sports-und-der-freiwilligen-arbeiten-engagiert\/#primaryimage","url":"https:\/\/www.ascona-locarno-run.ch\/wp-content\/uploads\/2021\/01\/intervista-soccorso-1.jpeg","contentUrl":"https:\/\/www.ascona-locarno-run.ch\/wp-content\/uploads\/2021\/01\/intervista-soccorso-1.jpeg","width":640,"height":428},{"@type":"BreadcrumbList","@id":"https:\/\/www.ascona-locarno-run.ch\/de\/wir-das-vergnuegen-uns-mit-soccorso-cresta-zu-unterhalten-einem-marathonlaeufer-der-sich-seit-jahren-in-der-welt-des-sports-und-der-freiwilligen-arbeiten-engagiert\/#breadcrumb","itemListElement":[{"@type":"ListItem","position":1,"name":"Home","item":"https:\/\/www.ascona-locarno-run.ch\/de\/"},{"@type":"ListItem","position":2,"name":"Soccorso Cresta: 966 km in 19 Tagen! (Teil 1)"}]},{"@type":"WebSite","@id":"https:\/\/www.ascona-locarno-run.ch\/#website","url":"https:\/\/www.ascona-locarno-run.ch\/","name":"Ascona-Locarno Run","description":"Der perfekte Ort f\u00fcr Ihren Lauf!","publisher":{"@id":"https:\/\/www.ascona-locarno-run.ch\/#organization"},"potentialAction":[{"@type":"SearchAction","target":{"@type":"EntryPoint","urlTemplate":"https:\/\/www.ascona-locarno-run.ch\/?s={search_term_string}"},"query-input":{"@type":"PropertyValueSpecification","valueRequired":true,"valueName":"search_term_string"}}],"inLanguage":"de"},{"@type":"Organization","@id":"https:\/\/www.ascona-locarno-run.ch\/#organization","name":"Ascona-Locarno Run","url":"https:\/\/www.ascona-locarno-run.ch\/","logo":{"@type":"ImageObject","inLanguage":"de","@id":"https:\/\/www.ascona-locarno-run.ch\/#\/schema\/logo\/image\/","url":"https:\/\/www.ascona-locarno-run.ch\/wp-content\/uploads\/2024\/02\/logo-alr-colored.png","contentUrl":"https:\/\/www.ascona-locarno-run.ch\/wp-content\/uploads\/2024\/02\/logo-alr-colored.png","width":800,"height":368,"caption":"Ascona-Locarno Run"},"image":{"@id":"https:\/\/www.ascona-locarno-run.ch\/#\/schema\/logo\/image\/"},"sameAs":["https:\/\/www.facebook.com\/AsconaLocarnoRun\/","https:\/\/www.instagram.com\/ascona_locarno_run\/"]},{"@type":"Person","@id":"https:\/\/www.ascona-locarno-run.ch\/#\/schema\/person\/efc25e412da67e885c643a5e5391e183","name":"milena.marradi","image":{"@type":"ImageObject","inLanguage":"de","@id":"https:\/\/secure.gravatar.com\/avatar\/c7408484ef5e0aa30e055bf5cb5bdddafc3f99f33648fa24f978808eae7feca2?s=96&d=mm&r=g","url":"https:\/\/secure.gravatar.com\/avatar\/c7408484ef5e0aa30e055bf5cb5bdddafc3f99f33648fa24f978808eae7feca2?s=96&d=mm&r=g","contentUrl":"https:\/\/secure.gravatar.com\/avatar\/c7408484ef5e0aa30e055bf5cb5bdddafc3f99f33648fa24f978808eae7feca2?s=96&d=mm&r=g","caption":"milena.marradi"}}]}},"_links":{"self":[{"href":"https:\/\/www.ascona-locarno-run.ch\/de\/wp-json\/wp\/v2\/posts\/20155","targetHints":{"allow":["GET"]}}],"collection":[{"href":"https:\/\/www.ascona-locarno-run.ch\/de\/wp-json\/wp\/v2\/posts"}],"about":[{"href":"https:\/\/www.ascona-locarno-run.ch\/de\/wp-json\/wp\/v2\/types\/post"}],"author":[{"embeddable":true,"href":"https:\/\/www.ascona-locarno-run.ch\/de\/wp-json\/wp\/v2\/users\/8"}],"replies":[{"embeddable":true,"href":"https:\/\/www.ascona-locarno-run.ch\/de\/wp-json\/wp\/v2\/comments?post=20155"}],"version-history":[{"count":8,"href":"https:\/\/www.ascona-locarno-run.ch\/de\/wp-json\/wp\/v2\/posts\/20155\/revisions"}],"predecessor-version":[{"id":20423,"href":"https:\/\/www.ascona-locarno-run.ch\/de\/wp-json\/wp\/v2\/posts\/20155\/revisions\/20423"}],"wp:featuredmedia":[{"embeddable":true,"href":"https:\/\/www.ascona-locarno-run.ch\/de\/wp-json\/wp\/v2\/media\/20146"}],"wp:attachment":[{"href":"https:\/\/www.ascona-locarno-run.ch\/de\/wp-json\/wp\/v2\/media?parent=20155"}],"wp:term":[{"taxonomy":"category","embeddable":true,"href":"https:\/\/www.ascona-locarno-run.ch\/de\/wp-json\/wp\/v2\/categories?post=20155"},{"taxonomy":"post_tag","embeddable":true,"href":"https:\/\/www.ascona-locarno-run.ch\/de\/wp-json\/wp\/v2\/tags?post=20155"}],"curies":[{"name":"wp","href":"https:\/\/api.w.org\/{rel}","templated":true}]}}