{"id":19776,"date":"2020-08-28T23:01:40","date_gmt":"2020-08-28T21:01:40","guid":{"rendered":"https:\/\/www.ascona-locarno-run.ch\/ajla-storia-e-aneddoti-di-una-campionessa-parte-2\/"},"modified":"2021-01-28T16:27:30","modified_gmt":"2021-01-28T15:27:30","slug":"ajla-geschichte-und-anekdoten-einer-weltmeisterin-teil-2","status":"publish","type":"post","link":"https:\/\/www.ascona-locarno-run.ch\/de\/ajla-geschichte-und-anekdoten-einer-weltmeisterin-teil-2\/","title":{"rendered":"Ajla, Geschichte und Anekdoten einer Weltmeisterin (Teil 2)"},"content":{"rendered":"<div class=\"fusion-fullwidth fullwidth-box fusion-builder-row-1 nonhundred-percent-fullwidth non-hundred-percent-height-scrolling\" style=\"--awb-border-radius-top-left:0px;--awb-border-radius-top-right:0px;--awb-border-radius-bottom-right:0px;--awb-border-radius-bottom-left:0px;--awb-flex-wrap:wrap;\" ><div class=\"fusion-builder-row fusion-row\"><div class=\"fusion-layout-column fusion_builder_column fusion-builder-column-0 fusion_builder_column_1_1 1_1 fusion-one-full fusion-column-first fusion-column-last\" style=\"--awb-bg-size:cover;--awb-margin-bottom:0px;\"><div class=\"fusion-column-wrapper fusion-flex-column-wrapper-legacy\"><div class=\"fusion-text fusion-text-1\"><p style=\"text-align: center; font-size: 10px;\">\u00a9 foto Garbani<\/p>\n<\/div><div class=\"fusion-text fusion-text-2\"><p>Ajla gl\u00e4nzt weiterhin durch ihre au\u00dferordentlichen Leistungen bei den Treffen, an denen sie in den letzten 10 Tagen teilgenommen hat: Sie gewann die 100 m in der Diamond League in Monaco am 14. August in 11&#8243;16, die 100 m in Bydgoszczy am 19. August in 11&#8243;18 und die 100 m in der Diamond League in Stockholm am 23. August in 11&#8243;20!<\/p>\n<p><span style=\"color: #ff0000;\"><em>Erfolg ist kein Zufall. Es ist harte Arbeit, Ausdauer, Lernen, Studieren, Opferbereitschaft, Liebe f\u00fcr das, was man tut oder zu tun lernt.<\/em><\/span><br \/>\n<span style=\"color: #ff0000;\"><em>Pel\u00e9<\/em><\/span><\/p>\n<p>Sind Sie damit einverstanden? Lassen Sie uns gemeinsam auf diesen Champion treffen!<\/p>\n<p>Viel Spa\u00df beim Lesen!<\/p>\n<p><strong>Welche Rolle haben Deine Eltern gespielt? Was ist mit Deinem Trainern?<\/strong><\/p>\n<blockquote>\n<p>Meine Eltern dr\u00e4ngten meinen Bruder und mich immer dazu, das zu tun, was wir wollten, und unterst\u00fctzten uns dabei. Meine Mutter hatte die Idee, dem Club beizutreten (US Ascona &#8211; Anm. d. Red.), und sie fuhr mich immer zum Training nach Ascona, wenn ich mich versp\u00e4tet hatte. Mein Vater kam immer zu den Wettk\u00e4mpfen, wenn er konnte, und er nahm mich jeden Mittwoch im Monat mit nach Bern und beurlaubte mich von der Arbeit, damit ich mit der Staffel trainieren konnte. Jetzt, da ich nicht mehr zu Hause wohne, kommen beide zu den Rennen, wenn sie k\u00f6nnen, und sie sind meine St\u00e4rke in schwierigen Zeiten. Mein Bruder Karim ist f\u00fcr mich ein wichtiges Beispiel f\u00fcr Hingabe und harte Arbeit, da er auch Eishockeyspieler (Verteidiger der Tessiner Raketen, unter Vertrag mit dem Club Ambr\u00ec-Piotta &#8211; Hrsg.) und Spitzensportler ist. Meine Clubtrainer haben mich in eine Sportart eingef\u00fchrt, die ich so sehr liebe. Ich kann ihnen nie genug danken. Mein derzeitiger Trainer, Laurent Meuwly, hat mich zu einer Profisportlerin gemacht.<\/p>\n<\/blockquote>\n<p><strong>Hast Du noch Kontakt zu Deinen Trainern in US-Ascona?<\/strong><\/p>\n<blockquote>\n<p>Ich bekomme oft Nachrichten von ihnen nach den Rennen, oder ich frage die nach Neuigkeiten. Sie sind wie meine zweite Familie, deshalb ist es immer sch\u00f6n, sie bei Wettk\u00e4mpfen zu sehen.<\/p>\n<\/blockquote>\n<p><strong>Gibt es einen Satz, den jemand zu Dir gesagt hat, oder eine Geste, mit der er Sie beeindruckt hat?<\/strong><\/p>\n<blockquote>\n<p>Nach den ersten Hallenrennen im Jahr 2016, als ich gerade mit Laurent Meuwly zu trainieren begonnen hatte, sagte Lea Sprunger zu mir: &#8222;Ajletta, schreib den Termin f\u00fcr die Olympischen Spiele von Rio 2016 in dein Tagebuch, denn du wirst auch dabei sein&#8220;. F\u00fcr ein 19-j\u00e4hriges M\u00e4dchen, das ihr ganzes Leben lang von der Olympiade getr\u00e4umt hat, war es wirklich aufregend, einen solchen Satz von jemandem zu h\u00f6ren, der mir immer ein Vorbild war&#8230; und zu sehen, wie es ein paar Monate sp\u00e4ter geschah, hat mich eine Menge gelehrt.<\/p>\n<\/blockquote>\n<p><strong>Eine Phrase oder ein Motto, um Dich anzuspornen?<\/strong><\/p>\n<blockquote>\n<p>Phrasen \u00e4ndern sich sehr stark, ich muss sagen, dass es die Lieder sind, die mir am meisten helfen.<\/p>\n<\/blockquote>\n<p><strong>Wie waren Deine Tage bis vor ein paar Monaten, als Du f\u00fcr Tokio 2020 trainiertes?\u00a0<\/strong><\/p>\n<blockquote>\n<p>Bis zum Ende des Herbstsemesters war ich zwischen Studium (Ajla besucht des Masterstudiengangs in Geschichte und Italienisch an der UNIL, wo sie gerade mit dem Prix de l&#8217;Universit\u00e9 de Lausanne 2020 &#8211; Hrsg) und Ausbildung aufgeteilt. Ich trainiere oft zweimal am Tag und muss mir einen Moment f\u00fcr die Universit\u00e4t, die Genesung, meine Freunde und Familie heraussuchen. Es ist ein sehr hektisches Leben, aber mit der richtigen Balance f\u00fchlt es sich gut an.<\/p>\n<\/blockquote>\n<p><strong>Wie haben sich Deine Gewohnheiten w\u00e4hrend des Lockdowns ver\u00e4ndert?<\/strong><\/p>\n<p><strong>Was ist mit Deinen Trainingseinheiten?<\/strong><\/p>\n<blockquote>\n<p>W\u00e4hrend des lockdown hat sich, wie bei allen anderen auch, das\u00a0 Tempo verlangsamt. Ich trainierte mit der gleichen H\u00e4ufigkeit, hatte aber mehr Zeit, um mich und meine Familie zu besch\u00e4ftigen.<\/p>\n<\/blockquote>\n<p><strong>Gibt es einen Gegenstand oder Ort, der Dir besonders gut gef\u00e4llt?<\/strong><\/p>\n<blockquote>\n<p>Ich h\u00e4nge mehr an dem Ort, Bignasco, wo ich aufgewachsen bin, ist der einzige Ort, den ich als mein Zuhause bezeichnen m\u00f6chte, und dort leben meine Gro\u00dfeltern. Und die Stadt, in der meine Mutter aufgewachsen ist, Jajce in Bosnien, ist ebenfalls einer meiner Lieblingsorte.<\/p>\n<\/blockquote>\n<p><strong>Wenn Du im Tessin bist, trainierst Du dann wieder dort, wo Du zu Beginn Deiner Karriere gelaufen bist?<\/strong><\/p>\n<blockquote>\n<p>Wenn ich im Tessin bin, trainiere ich zwischen Ascona und Tenero. Also gehe ich dorthin zur\u00fcck, wo alles begann. Manchmal treffe ich die neuen Rekruten, und es macht Spa\u00df, mit ihnen zu reden&#8230; es bringt einen zum L\u00e4cheln, wenn man sieht, dass sie den Trainern nicht mehr wie fr\u00fcher zuh\u00f6ren.<\/p>\n<\/blockquote>\n<p><strong>Wenn Du von zu Hause weg bist, um zu trainieren oder an Wettk\u00e4mpfen teilzunehmen, was vermisst Du dann am meisten?<\/strong><\/p>\n<blockquote>\n<p>In den letzten Jahren, in denen ich oft f\u00fcr l\u00e4ngere Zeit weg war, habe ich es sehr vermisst, meine Familie zu sehen. W\u00e4hrend dieser durch COVID-19 verursachten Notsituation bin ich l\u00e4nger zu Hause als bei all meinen Kurzbesuchen in den letzten 4 Jahren zusammengenommen.<\/p>\n<\/blockquote>\n<p><strong>Was machst Du gerne in Deiner Freizeit?<\/strong><\/p>\n<blockquote>\n<p>Ich bin ein B\u00fccherwurm, deshalb studiere und lese ich gerne. Wenn ich\u00a0Zeit habe, gehe ich gerne ins Museum, um mir eine Ausstellung\u00a0anzusehen,\u00a0die mich interessiert, und ich widme mich meinen Freunden und meiner\u00a0Familie.<\/p>\n<\/blockquote>\n<p>Der dritte Teil des Interviews wird in der vierten Septemberwoche ver\u00f6ffentlicht.<\/p>\n<\/div><div class=\"fusion-clearfix\"><\/div><\/div><\/div><\/div><\/div>\n","protected":false},"excerpt":{"rendered":"","protected":false},"author":8,"featured_media":19773,"comment_status":"open","ping_status":"open","sticky":false,"template":"","format":"standard","meta":{"footnotes":""},"categories":[201,152],"tags":[],"class_list":["post-19776","post","type-post","status-publish","format-standard","has-post-thumbnail","hentry","category-home-2-de","category-news-de"],"yoast_head":"<!-- This site is optimized with the Yoast SEO plugin v27.5 - https:\/\/yoast.com\/product\/yoast-seo-wordpress\/ -->\n<title>Ajla, Geschichte und Anekdoten einer Weltmeisterin (Teil 2) - Ascona-Locarno Run<\/title>\n<meta name=\"robots\" content=\"index, follow, max-snippet:-1, max-image-preview:large, max-video-preview:-1\" \/>\n<link rel=\"canonical\" href=\"https:\/\/www.ascona-locarno-run.ch\/de\/ajla-geschichte-und-anekdoten-einer-weltmeisterin-teil-2\/\" \/>\n<meta property=\"og:locale\" content=\"de_DE\" \/>\n<meta property=\"og:type\" content=\"article\" \/>\n<meta property=\"og:title\" content=\"Ajla, Geschichte und Anekdoten einer Weltmeisterin (Teil 2) - Ascona-Locarno Run\" \/>\n<meta property=\"og:url\" content=\"https:\/\/www.ascona-locarno-run.ch\/de\/ajla-geschichte-und-anekdoten-einer-weltmeisterin-teil-2\/\" \/>\n<meta property=\"og:site_name\" content=\"Ascona-Locarno Run\" \/>\n<meta property=\"article:publisher\" content=\"https:\/\/www.facebook.com\/AsconaLocarnoRun\/\" \/>\n<meta property=\"article:published_time\" content=\"2020-08-28T21:01:40+00:00\" \/>\n<meta property=\"article:modified_time\" content=\"2021-01-28T15:27:30+00:00\" \/>\n<meta property=\"og:image\" content=\"https:\/\/www.ascona-locarno-run.ch\/wp-content\/uploads\/2020\/08\/aja-2.jpg\" \/>\n\t<meta property=\"og:image:width\" content=\"1200\" \/>\n\t<meta property=\"og:image:height\" content=\"800\" \/>\n\t<meta property=\"og:image:type\" content=\"image\/jpeg\" \/>\n<meta name=\"author\" content=\"milena.marradi\" \/>\n<meta name=\"twitter:card\" content=\"summary_large_image\" \/>\n<meta name=\"twitter:label1\" content=\"Verfasst von\" \/>\n\t<meta name=\"twitter:data1\" content=\"milena.marradi\" \/>\n\t<meta name=\"twitter:label2\" content=\"Gesch\u00e4tzte Lesezeit\" \/>\n\t<meta name=\"twitter:data2\" content=\"5\u00a0Minuten\" \/>\n<script type=\"application\/ld+json\" class=\"yoast-schema-graph\">{\"@context\":\"https:\\\/\\\/schema.org\",\"@graph\":[{\"@type\":\"Article\",\"@id\":\"https:\\\/\\\/www.ascona-locarno-run.ch\\\/de\\\/ajla-geschichte-und-anekdoten-einer-weltmeisterin-teil-2\\\/#article\",\"isPartOf\":{\"@id\":\"https:\\\/\\\/www.ascona-locarno-run.ch\\\/de\\\/ajla-geschichte-und-anekdoten-einer-weltmeisterin-teil-2\\\/\"},\"author\":{\"name\":\"milena.marradi\",\"@id\":\"https:\\\/\\\/www.ascona-locarno-run.ch\\\/#\\\/schema\\\/person\\\/efc25e412da67e885c643a5e5391e183\"},\"headline\":\"Ajla, Geschichte und Anekdoten einer Weltmeisterin (Teil 2)\",\"datePublished\":\"2020-08-28T21:01:40+00:00\",\"dateModified\":\"2021-01-28T15:27:30+00:00\",\"mainEntityOfPage\":{\"@id\":\"https:\\\/\\\/www.ascona-locarno-run.ch\\\/de\\\/ajla-geschichte-und-anekdoten-einer-weltmeisterin-teil-2\\\/\"},\"wordCount\":1077,\"commentCount\":0,\"publisher\":{\"@id\":\"https:\\\/\\\/www.ascona-locarno-run.ch\\\/#organization\"},\"image\":{\"@id\":\"https:\\\/\\\/www.ascona-locarno-run.ch\\\/de\\\/ajla-geschichte-und-anekdoten-einer-weltmeisterin-teil-2\\\/#primaryimage\"},\"thumbnailUrl\":\"https:\\\/\\\/www.ascona-locarno-run.ch\\\/wp-content\\\/uploads\\\/2020\\\/08\\\/aja-2.jpg\",\"articleSection\":[\"home-2\",\"News\"],\"inLanguage\":\"de\",\"potentialAction\":[{\"@type\":\"CommentAction\",\"name\":\"Comment\",\"target\":[\"https:\\\/\\\/www.ascona-locarno-run.ch\\\/de\\\/ajla-geschichte-und-anekdoten-einer-weltmeisterin-teil-2\\\/#respond\"]}]},{\"@type\":\"WebPage\",\"@id\":\"https:\\\/\\\/www.ascona-locarno-run.ch\\\/de\\\/ajla-geschichte-und-anekdoten-einer-weltmeisterin-teil-2\\\/\",\"url\":\"https:\\\/\\\/www.ascona-locarno-run.ch\\\/de\\\/ajla-geschichte-und-anekdoten-einer-weltmeisterin-teil-2\\\/\",\"name\":\"Ajla, Geschichte und Anekdoten einer Weltmeisterin (Teil 2) - Ascona-Locarno Run\",\"isPartOf\":{\"@id\":\"https:\\\/\\\/www.ascona-locarno-run.ch\\\/#website\"},\"primaryImageOfPage\":{\"@id\":\"https:\\\/\\\/www.ascona-locarno-run.ch\\\/de\\\/ajla-geschichte-und-anekdoten-einer-weltmeisterin-teil-2\\\/#primaryimage\"},\"image\":{\"@id\":\"https:\\\/\\\/www.ascona-locarno-run.ch\\\/de\\\/ajla-geschichte-und-anekdoten-einer-weltmeisterin-teil-2\\\/#primaryimage\"},\"thumbnailUrl\":\"https:\\\/\\\/www.ascona-locarno-run.ch\\\/wp-content\\\/uploads\\\/2020\\\/08\\\/aja-2.jpg\",\"datePublished\":\"2020-08-28T21:01:40+00:00\",\"dateModified\":\"2021-01-28T15:27:30+00:00\",\"breadcrumb\":{\"@id\":\"https:\\\/\\\/www.ascona-locarno-run.ch\\\/de\\\/ajla-geschichte-und-anekdoten-einer-weltmeisterin-teil-2\\\/#breadcrumb\"},\"inLanguage\":\"de\",\"potentialAction\":[{\"@type\":\"ReadAction\",\"target\":[\"https:\\\/\\\/www.ascona-locarno-run.ch\\\/de\\\/ajla-geschichte-und-anekdoten-einer-weltmeisterin-teil-2\\\/\"]}]},{\"@type\":\"ImageObject\",\"inLanguage\":\"de\",\"@id\":\"https:\\\/\\\/www.ascona-locarno-run.ch\\\/de\\\/ajla-geschichte-und-anekdoten-einer-weltmeisterin-teil-2\\\/#primaryimage\",\"url\":\"https:\\\/\\\/www.ascona-locarno-run.ch\\\/wp-content\\\/uploads\\\/2020\\\/08\\\/aja-2.jpg\",\"contentUrl\":\"https:\\\/\\\/www.ascona-locarno-run.ch\\\/wp-content\\\/uploads\\\/2020\\\/08\\\/aja-2.jpg\",\"width\":1200,\"height\":800},{\"@type\":\"BreadcrumbList\",\"@id\":\"https:\\\/\\\/www.ascona-locarno-run.ch\\\/de\\\/ajla-geschichte-und-anekdoten-einer-weltmeisterin-teil-2\\\/#breadcrumb\",\"itemListElement\":[{\"@type\":\"ListItem\",\"position\":1,\"name\":\"Home\",\"item\":\"https:\\\/\\\/www.ascona-locarno-run.ch\\\/de\\\/\"},{\"@type\":\"ListItem\",\"position\":2,\"name\":\"Ajla, Geschichte und Anekdoten einer Weltmeisterin (Teil 2)\"}]},{\"@type\":\"WebSite\",\"@id\":\"https:\\\/\\\/www.ascona-locarno-run.ch\\\/#website\",\"url\":\"https:\\\/\\\/www.ascona-locarno-run.ch\\\/\",\"name\":\"Ascona-Locarno Run\",\"description\":\"Der perfekte Ort f\u00fcr Ihren Lauf!\",\"publisher\":{\"@id\":\"https:\\\/\\\/www.ascona-locarno-run.ch\\\/#organization\"},\"potentialAction\":[{\"@type\":\"SearchAction\",\"target\":{\"@type\":\"EntryPoint\",\"urlTemplate\":\"https:\\\/\\\/www.ascona-locarno-run.ch\\\/?s={search_term_string}\"},\"query-input\":{\"@type\":\"PropertyValueSpecification\",\"valueRequired\":true,\"valueName\":\"search_term_string\"}}],\"inLanguage\":\"de\"},{\"@type\":\"Organization\",\"@id\":\"https:\\\/\\\/www.ascona-locarno-run.ch\\\/#organization\",\"name\":\"Ascona-Locarno Run\",\"url\":\"https:\\\/\\\/www.ascona-locarno-run.ch\\\/\",\"logo\":{\"@type\":\"ImageObject\",\"inLanguage\":\"de\",\"@id\":\"https:\\\/\\\/www.ascona-locarno-run.ch\\\/#\\\/schema\\\/logo\\\/image\\\/\",\"url\":\"https:\\\/\\\/www.ascona-locarno-run.ch\\\/wp-content\\\/uploads\\\/2024\\\/02\\\/logo-alr-colored.png\",\"contentUrl\":\"https:\\\/\\\/www.ascona-locarno-run.ch\\\/wp-content\\\/uploads\\\/2024\\\/02\\\/logo-alr-colored.png\",\"width\":800,\"height\":368,\"caption\":\"Ascona-Locarno Run\"},\"image\":{\"@id\":\"https:\\\/\\\/www.ascona-locarno-run.ch\\\/#\\\/schema\\\/logo\\\/image\\\/\"},\"sameAs\":[\"https:\\\/\\\/www.facebook.com\\\/AsconaLocarnoRun\\\/\",\"https:\\\/\\\/www.instagram.com\\\/ascona_locarno_run\\\/\"]},{\"@type\":\"Person\",\"@id\":\"https:\\\/\\\/www.ascona-locarno-run.ch\\\/#\\\/schema\\\/person\\\/efc25e412da67e885c643a5e5391e183\",\"name\":\"milena.marradi\",\"image\":{\"@type\":\"ImageObject\",\"inLanguage\":\"de\",\"@id\":\"https:\\\/\\\/secure.gravatar.com\\\/avatar\\\/c7408484ef5e0aa30e055bf5cb5bdddafc3f99f33648fa24f978808eae7feca2?s=96&d=mm&r=g\",\"url\":\"https:\\\/\\\/secure.gravatar.com\\\/avatar\\\/c7408484ef5e0aa30e055bf5cb5bdddafc3f99f33648fa24f978808eae7feca2?s=96&d=mm&r=g\",\"contentUrl\":\"https:\\\/\\\/secure.gravatar.com\\\/avatar\\\/c7408484ef5e0aa30e055bf5cb5bdddafc3f99f33648fa24f978808eae7feca2?s=96&d=mm&r=g\",\"caption\":\"milena.marradi\"}}]}<\/script>\n<!-- \/ Yoast SEO plugin. -->","yoast_head_json":{"title":"Ajla, Geschichte und Anekdoten einer Weltmeisterin (Teil 2) - Ascona-Locarno Run","robots":{"index":"index","follow":"follow","max-snippet":"max-snippet:-1","max-image-preview":"max-image-preview:large","max-video-preview":"max-video-preview:-1"},"canonical":"https:\/\/www.ascona-locarno-run.ch\/de\/ajla-geschichte-und-anekdoten-einer-weltmeisterin-teil-2\/","og_locale":"de_DE","og_type":"article","og_title":"Ajla, Geschichte und Anekdoten einer Weltmeisterin (Teil 2) - Ascona-Locarno Run","og_url":"https:\/\/www.ascona-locarno-run.ch\/de\/ajla-geschichte-und-anekdoten-einer-weltmeisterin-teil-2\/","og_site_name":"Ascona-Locarno Run","article_publisher":"https:\/\/www.facebook.com\/AsconaLocarnoRun\/","article_published_time":"2020-08-28T21:01:40+00:00","article_modified_time":"2021-01-28T15:27:30+00:00","og_image":[{"width":1200,"height":800,"url":"https:\/\/www.ascona-locarno-run.ch\/wp-content\/uploads\/2020\/08\/aja-2.jpg","type":"image\/jpeg"}],"author":"milena.marradi","twitter_card":"summary_large_image","twitter_misc":{"Verfasst von":"milena.marradi","Gesch\u00e4tzte Lesezeit":"5\u00a0Minuten"},"schema":{"@context":"https:\/\/schema.org","@graph":[{"@type":"Article","@id":"https:\/\/www.ascona-locarno-run.ch\/de\/ajla-geschichte-und-anekdoten-einer-weltmeisterin-teil-2\/#article","isPartOf":{"@id":"https:\/\/www.ascona-locarno-run.ch\/de\/ajla-geschichte-und-anekdoten-einer-weltmeisterin-teil-2\/"},"author":{"name":"milena.marradi","@id":"https:\/\/www.ascona-locarno-run.ch\/#\/schema\/person\/efc25e412da67e885c643a5e5391e183"},"headline":"Ajla, Geschichte und Anekdoten einer Weltmeisterin (Teil 2)","datePublished":"2020-08-28T21:01:40+00:00","dateModified":"2021-01-28T15:27:30+00:00","mainEntityOfPage":{"@id":"https:\/\/www.ascona-locarno-run.ch\/de\/ajla-geschichte-und-anekdoten-einer-weltmeisterin-teil-2\/"},"wordCount":1077,"commentCount":0,"publisher":{"@id":"https:\/\/www.ascona-locarno-run.ch\/#organization"},"image":{"@id":"https:\/\/www.ascona-locarno-run.ch\/de\/ajla-geschichte-und-anekdoten-einer-weltmeisterin-teil-2\/#primaryimage"},"thumbnailUrl":"https:\/\/www.ascona-locarno-run.ch\/wp-content\/uploads\/2020\/08\/aja-2.jpg","articleSection":["home-2","News"],"inLanguage":"de","potentialAction":[{"@type":"CommentAction","name":"Comment","target":["https:\/\/www.ascona-locarno-run.ch\/de\/ajla-geschichte-und-anekdoten-einer-weltmeisterin-teil-2\/#respond"]}]},{"@type":"WebPage","@id":"https:\/\/www.ascona-locarno-run.ch\/de\/ajla-geschichte-und-anekdoten-einer-weltmeisterin-teil-2\/","url":"https:\/\/www.ascona-locarno-run.ch\/de\/ajla-geschichte-und-anekdoten-einer-weltmeisterin-teil-2\/","name":"Ajla, Geschichte und Anekdoten einer Weltmeisterin (Teil 2) - Ascona-Locarno Run","isPartOf":{"@id":"https:\/\/www.ascona-locarno-run.ch\/#website"},"primaryImageOfPage":{"@id":"https:\/\/www.ascona-locarno-run.ch\/de\/ajla-geschichte-und-anekdoten-einer-weltmeisterin-teil-2\/#primaryimage"},"image":{"@id":"https:\/\/www.ascona-locarno-run.ch\/de\/ajla-geschichte-und-anekdoten-einer-weltmeisterin-teil-2\/#primaryimage"},"thumbnailUrl":"https:\/\/www.ascona-locarno-run.ch\/wp-content\/uploads\/2020\/08\/aja-2.jpg","datePublished":"2020-08-28T21:01:40+00:00","dateModified":"2021-01-28T15:27:30+00:00","breadcrumb":{"@id":"https:\/\/www.ascona-locarno-run.ch\/de\/ajla-geschichte-und-anekdoten-einer-weltmeisterin-teil-2\/#breadcrumb"},"inLanguage":"de","potentialAction":[{"@type":"ReadAction","target":["https:\/\/www.ascona-locarno-run.ch\/de\/ajla-geschichte-und-anekdoten-einer-weltmeisterin-teil-2\/"]}]},{"@type":"ImageObject","inLanguage":"de","@id":"https:\/\/www.ascona-locarno-run.ch\/de\/ajla-geschichte-und-anekdoten-einer-weltmeisterin-teil-2\/#primaryimage","url":"https:\/\/www.ascona-locarno-run.ch\/wp-content\/uploads\/2020\/08\/aja-2.jpg","contentUrl":"https:\/\/www.ascona-locarno-run.ch\/wp-content\/uploads\/2020\/08\/aja-2.jpg","width":1200,"height":800},{"@type":"BreadcrumbList","@id":"https:\/\/www.ascona-locarno-run.ch\/de\/ajla-geschichte-und-anekdoten-einer-weltmeisterin-teil-2\/#breadcrumb","itemListElement":[{"@type":"ListItem","position":1,"name":"Home","item":"https:\/\/www.ascona-locarno-run.ch\/de\/"},{"@type":"ListItem","position":2,"name":"Ajla, Geschichte und Anekdoten einer Weltmeisterin (Teil 2)"}]},{"@type":"WebSite","@id":"https:\/\/www.ascona-locarno-run.ch\/#website","url":"https:\/\/www.ascona-locarno-run.ch\/","name":"Ascona-Locarno Run","description":"Der perfekte Ort f\u00fcr Ihren Lauf!","publisher":{"@id":"https:\/\/www.ascona-locarno-run.ch\/#organization"},"potentialAction":[{"@type":"SearchAction","target":{"@type":"EntryPoint","urlTemplate":"https:\/\/www.ascona-locarno-run.ch\/?s={search_term_string}"},"query-input":{"@type":"PropertyValueSpecification","valueRequired":true,"valueName":"search_term_string"}}],"inLanguage":"de"},{"@type":"Organization","@id":"https:\/\/www.ascona-locarno-run.ch\/#organization","name":"Ascona-Locarno Run","url":"https:\/\/www.ascona-locarno-run.ch\/","logo":{"@type":"ImageObject","inLanguage":"de","@id":"https:\/\/www.ascona-locarno-run.ch\/#\/schema\/logo\/image\/","url":"https:\/\/www.ascona-locarno-run.ch\/wp-content\/uploads\/2024\/02\/logo-alr-colored.png","contentUrl":"https:\/\/www.ascona-locarno-run.ch\/wp-content\/uploads\/2024\/02\/logo-alr-colored.png","width":800,"height":368,"caption":"Ascona-Locarno Run"},"image":{"@id":"https:\/\/www.ascona-locarno-run.ch\/#\/schema\/logo\/image\/"},"sameAs":["https:\/\/www.facebook.com\/AsconaLocarnoRun\/","https:\/\/www.instagram.com\/ascona_locarno_run\/"]},{"@type":"Person","@id":"https:\/\/www.ascona-locarno-run.ch\/#\/schema\/person\/efc25e412da67e885c643a5e5391e183","name":"milena.marradi","image":{"@type":"ImageObject","inLanguage":"de","@id":"https:\/\/secure.gravatar.com\/avatar\/c7408484ef5e0aa30e055bf5cb5bdddafc3f99f33648fa24f978808eae7feca2?s=96&d=mm&r=g","url":"https:\/\/secure.gravatar.com\/avatar\/c7408484ef5e0aa30e055bf5cb5bdddafc3f99f33648fa24f978808eae7feca2?s=96&d=mm&r=g","contentUrl":"https:\/\/secure.gravatar.com\/avatar\/c7408484ef5e0aa30e055bf5cb5bdddafc3f99f33648fa24f978808eae7feca2?s=96&d=mm&r=g","caption":"milena.marradi"}}]}},"_links":{"self":[{"href":"https:\/\/www.ascona-locarno-run.ch\/de\/wp-json\/wp\/v2\/posts\/19776","targetHints":{"allow":["GET"]}}],"collection":[{"href":"https:\/\/www.ascona-locarno-run.ch\/de\/wp-json\/wp\/v2\/posts"}],"about":[{"href":"https:\/\/www.ascona-locarno-run.ch\/de\/wp-json\/wp\/v2\/types\/post"}],"author":[{"embeddable":true,"href":"https:\/\/www.ascona-locarno-run.ch\/de\/wp-json\/wp\/v2\/users\/8"}],"replies":[{"embeddable":true,"href":"https:\/\/www.ascona-locarno-run.ch\/de\/wp-json\/wp\/v2\/comments?post=19776"}],"version-history":[{"count":5,"href":"https:\/\/www.ascona-locarno-run.ch\/de\/wp-json\/wp\/v2\/posts\/19776\/revisions"}],"predecessor-version":[{"id":19794,"href":"https:\/\/www.ascona-locarno-run.ch\/de\/wp-json\/wp\/v2\/posts\/19776\/revisions\/19794"}],"wp:featuredmedia":[{"embeddable":true,"href":"https:\/\/www.ascona-locarno-run.ch\/de\/wp-json\/wp\/v2\/media\/19773"}],"wp:attachment":[{"href":"https:\/\/www.ascona-locarno-run.ch\/de\/wp-json\/wp\/v2\/media?parent=19776"}],"wp:term":[{"taxonomy":"category","embeddable":true,"href":"https:\/\/www.ascona-locarno-run.ch\/de\/wp-json\/wp\/v2\/categories?post=19776"},{"taxonomy":"post_tag","embeddable":true,"href":"https:\/\/www.ascona-locarno-run.ch\/de\/wp-json\/wp\/v2\/tags?post=19776"}],"curies":[{"name":"wp","href":"https:\/\/api.w.org\/{rel}","templated":true}]}}