{"id":19735,"date":"2020-08-04T14:37:31","date_gmt":"2020-08-04T12:37:31","guid":{"rendered":"https:\/\/www.ascona-locarno-run.ch\/ajla-storia-e-aneddoti-di-una-campionessa-parte-1\/"},"modified":"2021-01-28T16:27:38","modified_gmt":"2021-01-28T15:27:38","slug":"ajla-geschichte-und-anekdoten-eines-weltmeisters-teil-1","status":"publish","type":"post","link":"https:\/\/www.ascona-locarno-run.ch\/de\/ajla-geschichte-und-anekdoten-eines-weltmeisters-teil-1\/","title":{"rendered":"Ajla, Geschichte und Anekdoten eines Weltmeisters (Teil 1)"},"content":{"rendered":"<div class=\"fusion-fullwidth fullwidth-box fusion-builder-row-1 nonhundred-percent-fullwidth non-hundred-percent-height-scrolling\" style=\"--awb-border-radius-top-left:0px;--awb-border-radius-top-right:0px;--awb-border-radius-bottom-right:0px;--awb-border-radius-bottom-left:0px;--awb-flex-wrap:wrap;\" ><div class=\"fusion-builder-row fusion-row\"><div class=\"fusion-layout-column fusion_builder_column fusion-builder-column-0 fusion_builder_column_1_1 1_1 fusion-one-full fusion-column-first fusion-column-last\" style=\"--awb-bg-size:cover;--awb-margin-bottom:0px;\"><div class=\"fusion-column-wrapper fusion-flex-column-wrapper-legacy\"><div class=\"fusion-text fusion-text-1\"><p style=\"text-align: center; font-size: 10PX;\">\u00a9 foto Garbani<\/p>\n<\/div><div class=\"fusion-text fusion-text-2\"><div>\n<p><span style=\"color: #000000;\">Wir hatten das Vergn\u00fcgen, einen &#8222;Online&#8220;-Chat mit Ajla Del Ponte,\u00a0eine bekannte Athletin der US Ascona und der Schweizer\u00a0Leichtathletik-<wbr \/>Nationalmannschaft, zu f\u00fchren.<\/span><\/p>\n<p>Aus diesem virtuellen Treffen w\u00e4hrend der Abriegelung wurde ein Interview geboren, das wir ab heute in 3 Teilen ver\u00f6ffentlichen werden.<\/p>\n<\/div>\n<div>\n<p><span style=\"color: #000000;\">Ajla ist ein 24-j\u00e4hriges Frau aus dem Maggiatal, die mit ihrer\u00a0Familie, ihrer Herkunft und ihrem Land sehr verbunden ist. Und trotz\u00a0ihrer internationalen Erfolge ist sie eine hilfsbereite Person mit\u00a0einem gro\u00dfen Herzen geblieben.<\/span><\/p>\n<p>Ajla ist eine Meisterin die viele Rekorde hinter sich hat, von 60 m in der Halle bis 150 m in 16&#8243;67. Am 20. Juni 2020, in Macolin ist sie die\u00a0beste Schweizer Zeit aller Zeiten gelaufen. Hinzu kommen die hervorragenden\u00a0Ergebnisse beim Meeting de la Gruy\u00e8re am 11. Juli 2020 (100 m in 11&#8243;08,\u00a0beste europ\u00e4ische Zeit des Jahres) und in Papendal am 19. Juli 2020, 200 m in 23&#8243;02, zweitbeste europ\u00e4ische Zeit des Jahres und weltweit siebte.<\/p>\n<p>W\u00e4hrend der Wintermonate trainierte sie im Hinblick auf die Einberufung zu den Olympischen Spielen in Tokio 2020 (verschoben auf 2021). Trotz des durch Covid-19 verursachten Stopps gelang es ihr, diese Situation in eine Chance zu verwandeln und ihre Fitness und Leistung zu verbessern. Heute trainiert sie weter f\u00fcr dieses sehr wichtige Treffen:<\/p>\n<\/div>\n<ul>\n<li><span style=\"color: #000000;\">14.08 Monaco, Diamanten-Liga<\/span><\/li>\n<li><span style=\"color: #000000;\">19.08 Bydgoszcz<\/span><\/li>\n<li><span style=\"color: #000000;\">23.08 Stockholm<\/span><\/li>\n<li><span style=\"color: #000000;\">06.09 Chorz\u00f3w<\/span><\/li>\n<li><span style=\"color: #000000;\">08.09 Ostrau<\/span><\/li>\n<li><span style=\"color: #000000;\">11-12.08 Basel, Schweizer Meisterschaften<\/span><\/li>\n<li><span style=\"color: #000000;\">15.09 Bellinzona, Gala der Schl\u00f6sser<\/span><\/li>\n<li><span style=\"color: #000000;\">17.09 Roma,\u00a0 Diamanten-Liga <\/span><\/li>\n<\/ul>\n<p><span style=\"color: #000000;\">Gute Lekt\u00fcre!<\/span><\/p>\n<p><strong><b>Ajla, wann haben Sie mit dem Laufen begonnen und herausgefunden, dass Leichtathletik Ihr Sport ist?<\/b><\/strong><\/p>\n<blockquote>\n<p>Ich erinnere mich, dass in der Grundschule zwei Klassenkameraden <wbr \/>Laufwettbewerbe veranstaltet haben. In der Pause organisierten sie\u00a0einige Zeit lang eine &#8222;Laufschule&#8220;, um das schnelle Laufen zu lernen.\u00a0Das war meine erste &#8222;Ann\u00e4herung&#8220; an den Sprint. Erst einige Jahre\u00a0sp\u00e4ter, 2009, nahm ich an einem in der Schule organisierten Kids Cup\u00a0teil. Ich belegte in der ganzen Schule den vierten Platz, und meine Mutter hatte die Idee, sich f\u00fcr das US Ascona anzumelden.<\/p>\n<\/blockquote>\n<p><strong><b>Welches waren die gr\u00f6\u00dften Schwierigkeiten, auf die Sie mit 13 Jahren\u00a0in der Leichtathletik gesto\u00dfen sind?<\/b><\/strong><\/p>\n<blockquote>\n<p>Wenn Sie einem Leichtathletikverein beitreten, neigen die Trainer dazu, Sie alle Disziplinen ausprobieren zu lassen. F\u00fcr mich war von Anfang an klar, dass ich nicht in Richtung der Langstreckenrennen gehen w\u00fcrde&#8230; jedes Jahr wurden wir ermutigt, an mindestens 3 XC-Rennen teilzunehmen, aber nachdem wir nur ein einziges Rennen beendet hatten, sehr weit unten in der Rangliste und mit viel Leid, gaben meine Trainer es auf, mich zu zwingen.<\/p>\n<\/blockquote>\n<p><strong><b>Wann kamen die ersten Erfolge und wann haben Sie sich entschieden, den Weg des Wettbewerbs einzuschlagen?<\/b><\/strong><\/p>\n<blockquote>\n<p>Anfangs war ich mehr auf die Spr\u00fcnge ausgerichtet, und allm\u00e4hlich kamen auch die Ergebnisse im Sprint. Ich w\u00fcrde sagen, dass 2013 vom Standpunkt der Ergebnisse her ein entscheidendes Jahr war, und zu diesem Zeitpunkt wurde mir klar, dass ich Potenzial in etwas hatte.<\/p>\n<\/blockquote>\n<p><strong><b>Gab es eine Zeit, in der Sie dar\u00fcber nachdachten, den Sport auf Wettkampfebene aufzugeben und sich auf Ihr Studium zu konzentrieren?<\/b><\/strong><\/p>\n<blockquote>\n<p>W\u00e4hrend der Pflichtschule hatte ich nur zwei Trainingseinheiten pro Woche, was f\u00fcr mich ein wichtiges Ventil war. Und als ich zur High School ging, ist es gleich geblieben. Ich hatte immer viel Spa\u00df mit meiner Gruppe, deshalb war es immer ganz nat\u00fcrlich, zum Training zu gehen.<\/p>\n<\/blockquote>\n<p><strong><b>Was waren die aufregendsten Momente?<\/b><\/strong><\/p>\n<blockquote>\n<p><b><\/b>Die Momente, die ich am meisten geliebt habe, sind die Qualifikation f\u00fcr meine erste internationale U20-Meisterschaft, alle Schweizer Einzelkategorie-Rekorde und die Schweizer Staffelrekorde&#8230; Und nat\u00fcrlich die Einberufung f\u00fcr Rio2016.<\/p>\n<\/blockquote>\n<p><strong><b>Haben Sie besondere Erinnerungen, die Sie mit uns teilen m\u00f6chten?<\/b><\/strong><\/p>\n<blockquote>\n<p>Eine besonders sch\u00f6ne Erinnerung, die ich habe, sind die\u00a0Weltmeisterschaften in London 2017. Kurz vor der 4&#215;100-Qualifikation,\u00a0als wir bereits hinter den Startbl\u00f6cken standen, begann das Publikum unisono &#8222;Sweet Caroline&#8220; zu singen. Das englische Publikum ist ein Publikum, das die Leichtathletik wie kaum ein anderes kennt und den Athleten auf der Bahn gro\u00dfe Emotionen vermittelt.<\/p>\n<\/blockquote>\n<p><strong><b>Irgendwelche Anekdoten?<\/b><\/strong><\/p>\n<blockquote>\n<p><span lang=\"it-IT\">Ich sage Ihnen drei!<\/span><\/p>\n<ol>\n<li>In den Trainingslagern in S\u00fcdafrika befinden sich manchmal etwa drei\u00dfig Athleten verschiedener Nationalit\u00e4ten unter einem Dach. Wir verf\u00fcgen nicht nur \u00fcber eine Vielzahl von Sprachen, sondern sind auch bei Brettspielen sehr wettbewerbsf\u00e4hig. Im Januar 2019 organisierten wir ein Br\u00e4ndi-Hundeturnier (ein Mannschafts-Brettspiel mit Bridge-Karten &#8211; Hrsg.), und wir eigneten uns die erste Weltmeisterschaft dieses Spiels an. Am Ende des Turniers mussten sich alle unterlegenen Mannschaften in den Pool werfen.<\/li>\n<li>Ich war immer die Schlechteste in der Gruppe, und das war ein st\u00e4ndiger Grund f\u00fcr liebevolle Neckereien. Ich lande immer bei gro\u00dfen Typen!<\/li>\n<li>\n<div>Bei einem Staffellauftraining kam eine unserer Begleiterinnen ohne Stachelschuhe an, und keiner von uns hatte ein zweites Paar, das wir ihr leihen konnten. Als sie zum Trainer gehen musste, um ihm dies zu erkl\u00e4ren, erz\u00e4hlte sie ihm, dass ihre Schuhe w\u00e4hrend des Trainings am Vortag explodiert waren. Der Trainer lie\u00df die Angelegenheit fallen und lachte ein paar Tage sp\u00e4ter dar\u00fcber, als er sah, wie sie mit ihren \u00fcblichen Spike-Schuhen zum Training erschien.<\/div>\n<\/li>\n<\/ol>\n<\/blockquote>\n<div>Der zweite Teil des Interviews wird in der letzten Augustwoche ver\u00f6ffentlicht.<\/div>\n<\/div><div class=\"fusion-clearfix\"><\/div><\/div><\/div><\/div><\/div>\n","protected":false},"excerpt":{"rendered":"","protected":false},"author":8,"featured_media":19729,"comment_status":"open","ping_status":"open","sticky":false,"template":"","format":"standard","meta":{"footnotes":""},"categories":[152,201],"tags":[],"class_list":["post-19735","post","type-post","status-publish","format-standard","has-post-thumbnail","hentry","category-news-de","category-home-2-de"],"yoast_head":"<!-- This site is optimized with the Yoast SEO plugin v27.5 - https:\/\/yoast.com\/product\/yoast-seo-wordpress\/ -->\n<title>Ajla, Geschichte und Anekdoten eines Weltmeisters (Teil 1) - Ascona-Locarno Run<\/title>\n<meta name=\"robots\" content=\"index, follow, max-snippet:-1, max-image-preview:large, max-video-preview:-1\" \/>\n<link rel=\"canonical\" href=\"https:\/\/www.ascona-locarno-run.ch\/de\/ajla-geschichte-und-anekdoten-eines-weltmeisters-teil-1\/\" \/>\n<meta property=\"og:locale\" content=\"de_DE\" \/>\n<meta property=\"og:type\" content=\"article\" \/>\n<meta property=\"og:title\" content=\"Ajla, Geschichte und Anekdoten eines Weltmeisters (Teil 1) - Ascona-Locarno Run\" \/>\n<meta property=\"og:url\" content=\"https:\/\/www.ascona-locarno-run.ch\/de\/ajla-geschichte-und-anekdoten-eines-weltmeisters-teil-1\/\" \/>\n<meta property=\"og:site_name\" content=\"Ascona-Locarno Run\" \/>\n<meta property=\"article:publisher\" content=\"https:\/\/www.facebook.com\/AsconaLocarnoRun\/\" \/>\n<meta property=\"article:published_time\" content=\"2020-08-04T12:37:31+00:00\" \/>\n<meta property=\"article:modified_time\" content=\"2021-01-28T15:27:38+00:00\" \/>\n<meta property=\"og:image\" content=\"https:\/\/www.ascona-locarno-run.ch\/wp-content\/uploads\/2020\/08\/aja-alr-01.jpg\" \/>\n\t<meta property=\"og:image:width\" content=\"1200\" \/>\n\t<meta property=\"og:image:height\" content=\"800\" \/>\n\t<meta property=\"og:image:type\" content=\"image\/jpeg\" \/>\n<meta name=\"author\" content=\"milena.marradi\" \/>\n<meta name=\"twitter:card\" content=\"summary_large_image\" \/>\n<meta name=\"twitter:label1\" content=\"Verfasst von\" \/>\n\t<meta name=\"twitter:data1\" content=\"milena.marradi\" \/>\n\t<meta name=\"twitter:label2\" content=\"Gesch\u00e4tzte Lesezeit\" \/>\n\t<meta name=\"twitter:data2\" content=\"5\u00a0Minuten\" \/>\n<script type=\"application\/ld+json\" class=\"yoast-schema-graph\">{\"@context\":\"https:\\\/\\\/schema.org\",\"@graph\":[{\"@type\":\"Article\",\"@id\":\"https:\\\/\\\/www.ascona-locarno-run.ch\\\/de\\\/ajla-geschichte-und-anekdoten-eines-weltmeisters-teil-1\\\/#article\",\"isPartOf\":{\"@id\":\"https:\\\/\\\/www.ascona-locarno-run.ch\\\/de\\\/ajla-geschichte-und-anekdoten-eines-weltmeisters-teil-1\\\/\"},\"author\":{\"name\":\"milena.marradi\",\"@id\":\"https:\\\/\\\/www.ascona-locarno-run.ch\\\/#\\\/schema\\\/person\\\/efc25e412da67e885c643a5e5391e183\"},\"headline\":\"Ajla, Geschichte und Anekdoten eines Weltmeisters (Teil 1)\",\"datePublished\":\"2020-08-04T12:37:31+00:00\",\"dateModified\":\"2021-01-28T15:27:38+00:00\",\"mainEntityOfPage\":{\"@id\":\"https:\\\/\\\/www.ascona-locarno-run.ch\\\/de\\\/ajla-geschichte-und-anekdoten-eines-weltmeisters-teil-1\\\/\"},\"wordCount\":1053,\"commentCount\":0,\"publisher\":{\"@id\":\"https:\\\/\\\/www.ascona-locarno-run.ch\\\/#organization\"},\"image\":{\"@id\":\"https:\\\/\\\/www.ascona-locarno-run.ch\\\/de\\\/ajla-geschichte-und-anekdoten-eines-weltmeisters-teil-1\\\/#primaryimage\"},\"thumbnailUrl\":\"https:\\\/\\\/www.ascona-locarno-run.ch\\\/wp-content\\\/uploads\\\/2020\\\/08\\\/aja-alr-01.jpg\",\"articleSection\":[\"News\",\"home-2\"],\"inLanguage\":\"de\",\"potentialAction\":[{\"@type\":\"CommentAction\",\"name\":\"Comment\",\"target\":[\"https:\\\/\\\/www.ascona-locarno-run.ch\\\/de\\\/ajla-geschichte-und-anekdoten-eines-weltmeisters-teil-1\\\/#respond\"]}]},{\"@type\":\"WebPage\",\"@id\":\"https:\\\/\\\/www.ascona-locarno-run.ch\\\/de\\\/ajla-geschichte-und-anekdoten-eines-weltmeisters-teil-1\\\/\",\"url\":\"https:\\\/\\\/www.ascona-locarno-run.ch\\\/de\\\/ajla-geschichte-und-anekdoten-eines-weltmeisters-teil-1\\\/\",\"name\":\"Ajla, Geschichte und Anekdoten eines Weltmeisters (Teil 1) - Ascona-Locarno Run\",\"isPartOf\":{\"@id\":\"https:\\\/\\\/www.ascona-locarno-run.ch\\\/#website\"},\"primaryImageOfPage\":{\"@id\":\"https:\\\/\\\/www.ascona-locarno-run.ch\\\/de\\\/ajla-geschichte-und-anekdoten-eines-weltmeisters-teil-1\\\/#primaryimage\"},\"image\":{\"@id\":\"https:\\\/\\\/www.ascona-locarno-run.ch\\\/de\\\/ajla-geschichte-und-anekdoten-eines-weltmeisters-teil-1\\\/#primaryimage\"},\"thumbnailUrl\":\"https:\\\/\\\/www.ascona-locarno-run.ch\\\/wp-content\\\/uploads\\\/2020\\\/08\\\/aja-alr-01.jpg\",\"datePublished\":\"2020-08-04T12:37:31+00:00\",\"dateModified\":\"2021-01-28T15:27:38+00:00\",\"breadcrumb\":{\"@id\":\"https:\\\/\\\/www.ascona-locarno-run.ch\\\/de\\\/ajla-geschichte-und-anekdoten-eines-weltmeisters-teil-1\\\/#breadcrumb\"},\"inLanguage\":\"de\",\"potentialAction\":[{\"@type\":\"ReadAction\",\"target\":[\"https:\\\/\\\/www.ascona-locarno-run.ch\\\/de\\\/ajla-geschichte-und-anekdoten-eines-weltmeisters-teil-1\\\/\"]}]},{\"@type\":\"ImageObject\",\"inLanguage\":\"de\",\"@id\":\"https:\\\/\\\/www.ascona-locarno-run.ch\\\/de\\\/ajla-geschichte-und-anekdoten-eines-weltmeisters-teil-1\\\/#primaryimage\",\"url\":\"https:\\\/\\\/www.ascona-locarno-run.ch\\\/wp-content\\\/uploads\\\/2020\\\/08\\\/aja-alr-01.jpg\",\"contentUrl\":\"https:\\\/\\\/www.ascona-locarno-run.ch\\\/wp-content\\\/uploads\\\/2020\\\/08\\\/aja-alr-01.jpg\",\"width\":1200,\"height\":800,\"caption\":\"Foto\"},{\"@type\":\"BreadcrumbList\",\"@id\":\"https:\\\/\\\/www.ascona-locarno-run.ch\\\/de\\\/ajla-geschichte-und-anekdoten-eines-weltmeisters-teil-1\\\/#breadcrumb\",\"itemListElement\":[{\"@type\":\"ListItem\",\"position\":1,\"name\":\"Home\",\"item\":\"https:\\\/\\\/www.ascona-locarno-run.ch\\\/de\\\/\"},{\"@type\":\"ListItem\",\"position\":2,\"name\":\"Ajla, Geschichte und Anekdoten eines Weltmeisters (Teil 1)\"}]},{\"@type\":\"WebSite\",\"@id\":\"https:\\\/\\\/www.ascona-locarno-run.ch\\\/#website\",\"url\":\"https:\\\/\\\/www.ascona-locarno-run.ch\\\/\",\"name\":\"Ascona-Locarno Run\",\"description\":\"Der perfekte Ort f\u00fcr Ihren Lauf!\",\"publisher\":{\"@id\":\"https:\\\/\\\/www.ascona-locarno-run.ch\\\/#organization\"},\"potentialAction\":[{\"@type\":\"SearchAction\",\"target\":{\"@type\":\"EntryPoint\",\"urlTemplate\":\"https:\\\/\\\/www.ascona-locarno-run.ch\\\/?s={search_term_string}\"},\"query-input\":{\"@type\":\"PropertyValueSpecification\",\"valueRequired\":true,\"valueName\":\"search_term_string\"}}],\"inLanguage\":\"de\"},{\"@type\":\"Organization\",\"@id\":\"https:\\\/\\\/www.ascona-locarno-run.ch\\\/#organization\",\"name\":\"Ascona-Locarno Run\",\"url\":\"https:\\\/\\\/www.ascona-locarno-run.ch\\\/\",\"logo\":{\"@type\":\"ImageObject\",\"inLanguage\":\"de\",\"@id\":\"https:\\\/\\\/www.ascona-locarno-run.ch\\\/#\\\/schema\\\/logo\\\/image\\\/\",\"url\":\"https:\\\/\\\/www.ascona-locarno-run.ch\\\/wp-content\\\/uploads\\\/2024\\\/02\\\/logo-alr-colored.png\",\"contentUrl\":\"https:\\\/\\\/www.ascona-locarno-run.ch\\\/wp-content\\\/uploads\\\/2024\\\/02\\\/logo-alr-colored.png\",\"width\":800,\"height\":368,\"caption\":\"Ascona-Locarno Run\"},\"image\":{\"@id\":\"https:\\\/\\\/www.ascona-locarno-run.ch\\\/#\\\/schema\\\/logo\\\/image\\\/\"},\"sameAs\":[\"https:\\\/\\\/www.facebook.com\\\/AsconaLocarnoRun\\\/\",\"https:\\\/\\\/www.instagram.com\\\/ascona_locarno_run\\\/\"]},{\"@type\":\"Person\",\"@id\":\"https:\\\/\\\/www.ascona-locarno-run.ch\\\/#\\\/schema\\\/person\\\/efc25e412da67e885c643a5e5391e183\",\"name\":\"milena.marradi\",\"image\":{\"@type\":\"ImageObject\",\"inLanguage\":\"de\",\"@id\":\"https:\\\/\\\/secure.gravatar.com\\\/avatar\\\/c7408484ef5e0aa30e055bf5cb5bdddafc3f99f33648fa24f978808eae7feca2?s=96&d=mm&r=g\",\"url\":\"https:\\\/\\\/secure.gravatar.com\\\/avatar\\\/c7408484ef5e0aa30e055bf5cb5bdddafc3f99f33648fa24f978808eae7feca2?s=96&d=mm&r=g\",\"contentUrl\":\"https:\\\/\\\/secure.gravatar.com\\\/avatar\\\/c7408484ef5e0aa30e055bf5cb5bdddafc3f99f33648fa24f978808eae7feca2?s=96&d=mm&r=g\",\"caption\":\"milena.marradi\"}}]}<\/script>\n<!-- \/ Yoast SEO plugin. -->","yoast_head_json":{"title":"Ajla, Geschichte und Anekdoten eines Weltmeisters (Teil 1) - Ascona-Locarno Run","robots":{"index":"index","follow":"follow","max-snippet":"max-snippet:-1","max-image-preview":"max-image-preview:large","max-video-preview":"max-video-preview:-1"},"canonical":"https:\/\/www.ascona-locarno-run.ch\/de\/ajla-geschichte-und-anekdoten-eines-weltmeisters-teil-1\/","og_locale":"de_DE","og_type":"article","og_title":"Ajla, Geschichte und Anekdoten eines Weltmeisters (Teil 1) - Ascona-Locarno Run","og_url":"https:\/\/www.ascona-locarno-run.ch\/de\/ajla-geschichte-und-anekdoten-eines-weltmeisters-teil-1\/","og_site_name":"Ascona-Locarno Run","article_publisher":"https:\/\/www.facebook.com\/AsconaLocarnoRun\/","article_published_time":"2020-08-04T12:37:31+00:00","article_modified_time":"2021-01-28T15:27:38+00:00","og_image":[{"width":1200,"height":800,"url":"https:\/\/www.ascona-locarno-run.ch\/wp-content\/uploads\/2020\/08\/aja-alr-01.jpg","type":"image\/jpeg"}],"author":"milena.marradi","twitter_card":"summary_large_image","twitter_misc":{"Verfasst von":"milena.marradi","Gesch\u00e4tzte Lesezeit":"5\u00a0Minuten"},"schema":{"@context":"https:\/\/schema.org","@graph":[{"@type":"Article","@id":"https:\/\/www.ascona-locarno-run.ch\/de\/ajla-geschichte-und-anekdoten-eines-weltmeisters-teil-1\/#article","isPartOf":{"@id":"https:\/\/www.ascona-locarno-run.ch\/de\/ajla-geschichte-und-anekdoten-eines-weltmeisters-teil-1\/"},"author":{"name":"milena.marradi","@id":"https:\/\/www.ascona-locarno-run.ch\/#\/schema\/person\/efc25e412da67e885c643a5e5391e183"},"headline":"Ajla, Geschichte und Anekdoten eines Weltmeisters (Teil 1)","datePublished":"2020-08-04T12:37:31+00:00","dateModified":"2021-01-28T15:27:38+00:00","mainEntityOfPage":{"@id":"https:\/\/www.ascona-locarno-run.ch\/de\/ajla-geschichte-und-anekdoten-eines-weltmeisters-teil-1\/"},"wordCount":1053,"commentCount":0,"publisher":{"@id":"https:\/\/www.ascona-locarno-run.ch\/#organization"},"image":{"@id":"https:\/\/www.ascona-locarno-run.ch\/de\/ajla-geschichte-und-anekdoten-eines-weltmeisters-teil-1\/#primaryimage"},"thumbnailUrl":"https:\/\/www.ascona-locarno-run.ch\/wp-content\/uploads\/2020\/08\/aja-alr-01.jpg","articleSection":["News","home-2"],"inLanguage":"de","potentialAction":[{"@type":"CommentAction","name":"Comment","target":["https:\/\/www.ascona-locarno-run.ch\/de\/ajla-geschichte-und-anekdoten-eines-weltmeisters-teil-1\/#respond"]}]},{"@type":"WebPage","@id":"https:\/\/www.ascona-locarno-run.ch\/de\/ajla-geschichte-und-anekdoten-eines-weltmeisters-teil-1\/","url":"https:\/\/www.ascona-locarno-run.ch\/de\/ajla-geschichte-und-anekdoten-eines-weltmeisters-teil-1\/","name":"Ajla, Geschichte und Anekdoten eines Weltmeisters (Teil 1) - Ascona-Locarno Run","isPartOf":{"@id":"https:\/\/www.ascona-locarno-run.ch\/#website"},"primaryImageOfPage":{"@id":"https:\/\/www.ascona-locarno-run.ch\/de\/ajla-geschichte-und-anekdoten-eines-weltmeisters-teil-1\/#primaryimage"},"image":{"@id":"https:\/\/www.ascona-locarno-run.ch\/de\/ajla-geschichte-und-anekdoten-eines-weltmeisters-teil-1\/#primaryimage"},"thumbnailUrl":"https:\/\/www.ascona-locarno-run.ch\/wp-content\/uploads\/2020\/08\/aja-alr-01.jpg","datePublished":"2020-08-04T12:37:31+00:00","dateModified":"2021-01-28T15:27:38+00:00","breadcrumb":{"@id":"https:\/\/www.ascona-locarno-run.ch\/de\/ajla-geschichte-und-anekdoten-eines-weltmeisters-teil-1\/#breadcrumb"},"inLanguage":"de","potentialAction":[{"@type":"ReadAction","target":["https:\/\/www.ascona-locarno-run.ch\/de\/ajla-geschichte-und-anekdoten-eines-weltmeisters-teil-1\/"]}]},{"@type":"ImageObject","inLanguage":"de","@id":"https:\/\/www.ascona-locarno-run.ch\/de\/ajla-geschichte-und-anekdoten-eines-weltmeisters-teil-1\/#primaryimage","url":"https:\/\/www.ascona-locarno-run.ch\/wp-content\/uploads\/2020\/08\/aja-alr-01.jpg","contentUrl":"https:\/\/www.ascona-locarno-run.ch\/wp-content\/uploads\/2020\/08\/aja-alr-01.jpg","width":1200,"height":800,"caption":"Foto"},{"@type":"BreadcrumbList","@id":"https:\/\/www.ascona-locarno-run.ch\/de\/ajla-geschichte-und-anekdoten-eines-weltmeisters-teil-1\/#breadcrumb","itemListElement":[{"@type":"ListItem","position":1,"name":"Home","item":"https:\/\/www.ascona-locarno-run.ch\/de\/"},{"@type":"ListItem","position":2,"name":"Ajla, Geschichte und Anekdoten eines Weltmeisters (Teil 1)"}]},{"@type":"WebSite","@id":"https:\/\/www.ascona-locarno-run.ch\/#website","url":"https:\/\/www.ascona-locarno-run.ch\/","name":"Ascona-Locarno Run","description":"Der perfekte Ort f\u00fcr Ihren Lauf!","publisher":{"@id":"https:\/\/www.ascona-locarno-run.ch\/#organization"},"potentialAction":[{"@type":"SearchAction","target":{"@type":"EntryPoint","urlTemplate":"https:\/\/www.ascona-locarno-run.ch\/?s={search_term_string}"},"query-input":{"@type":"PropertyValueSpecification","valueRequired":true,"valueName":"search_term_string"}}],"inLanguage":"de"},{"@type":"Organization","@id":"https:\/\/www.ascona-locarno-run.ch\/#organization","name":"Ascona-Locarno Run","url":"https:\/\/www.ascona-locarno-run.ch\/","logo":{"@type":"ImageObject","inLanguage":"de","@id":"https:\/\/www.ascona-locarno-run.ch\/#\/schema\/logo\/image\/","url":"https:\/\/www.ascona-locarno-run.ch\/wp-content\/uploads\/2024\/02\/logo-alr-colored.png","contentUrl":"https:\/\/www.ascona-locarno-run.ch\/wp-content\/uploads\/2024\/02\/logo-alr-colored.png","width":800,"height":368,"caption":"Ascona-Locarno Run"},"image":{"@id":"https:\/\/www.ascona-locarno-run.ch\/#\/schema\/logo\/image\/"},"sameAs":["https:\/\/www.facebook.com\/AsconaLocarnoRun\/","https:\/\/www.instagram.com\/ascona_locarno_run\/"]},{"@type":"Person","@id":"https:\/\/www.ascona-locarno-run.ch\/#\/schema\/person\/efc25e412da67e885c643a5e5391e183","name":"milena.marradi","image":{"@type":"ImageObject","inLanguage":"de","@id":"https:\/\/secure.gravatar.com\/avatar\/c7408484ef5e0aa30e055bf5cb5bdddafc3f99f33648fa24f978808eae7feca2?s=96&d=mm&r=g","url":"https:\/\/secure.gravatar.com\/avatar\/c7408484ef5e0aa30e055bf5cb5bdddafc3f99f33648fa24f978808eae7feca2?s=96&d=mm&r=g","contentUrl":"https:\/\/secure.gravatar.com\/avatar\/c7408484ef5e0aa30e055bf5cb5bdddafc3f99f33648fa24f978808eae7feca2?s=96&d=mm&r=g","caption":"milena.marradi"}}]}},"_links":{"self":[{"href":"https:\/\/www.ascona-locarno-run.ch\/de\/wp-json\/wp\/v2\/posts\/19735","targetHints":{"allow":["GET"]}}],"collection":[{"href":"https:\/\/www.ascona-locarno-run.ch\/de\/wp-json\/wp\/v2\/posts"}],"about":[{"href":"https:\/\/www.ascona-locarno-run.ch\/de\/wp-json\/wp\/v2\/types\/post"}],"author":[{"embeddable":true,"href":"https:\/\/www.ascona-locarno-run.ch\/de\/wp-json\/wp\/v2\/users\/8"}],"replies":[{"embeddable":true,"href":"https:\/\/www.ascona-locarno-run.ch\/de\/wp-json\/wp\/v2\/comments?post=19735"}],"version-history":[{"count":6,"href":"https:\/\/www.ascona-locarno-run.ch\/de\/wp-json\/wp\/v2\/posts\/19735\/revisions"}],"predecessor-version":[{"id":19766,"href":"https:\/\/www.ascona-locarno-run.ch\/de\/wp-json\/wp\/v2\/posts\/19735\/revisions\/19766"}],"wp:featuredmedia":[{"embeddable":true,"href":"https:\/\/www.ascona-locarno-run.ch\/de\/wp-json\/wp\/v2\/media\/19729"}],"wp:attachment":[{"href":"https:\/\/www.ascona-locarno-run.ch\/de\/wp-json\/wp\/v2\/media?parent=19735"}],"wp:term":[{"taxonomy":"category","embeddable":true,"href":"https:\/\/www.ascona-locarno-run.ch\/de\/wp-json\/wp\/v2\/categories?post=19735"},{"taxonomy":"post_tag","embeddable":true,"href":"https:\/\/www.ascona-locarno-run.ch\/de\/wp-json\/wp\/v2\/tags?post=19735"}],"curies":[{"name":"wp","href":"https:\/\/api.w.org\/{rel}","templated":true}]}}